{"id":1609,"date":"2024-10-12T08:55:26","date_gmt":"2024-10-12T06:55:26","guid":{"rendered":"https:\/\/agora.xtec.cat\/ceiprossendmontane\/?p=1609"},"modified":"2024-10-12T08:52:49","modified_gmt":"2024-10-12T06:52:49","slug":"la-festa-dels-noms-24-25","status":"publish","type":"post","link":"https:\/\/agora.xtec.cat\/ceiprossendmontane\/portada\/general\/la-festa-dels-noms-24-25\/","title":{"rendered":"LA FESTA DELS NOMS 24-25"},"content":{"rendered":"<p>Ja ten\u00edem moltes ganes de saber quin seria el nom de cada classe i avui hem celebrat la <strong>Festa dels Noms<\/strong> per poder-ho presentar i compartir.<\/p>\n<p>Cada grup ha preparat un petit espectacle perqu\u00e8 la resta de l&#8217;escola pogu\u00e9ssim endevinar quin nom s\u00f3n. Ha estat molt entretingut, interessant i divertit, heu fet molt bona feina! Felicitats a infants i mestres!<\/p>\n<p>Si voleu saber el nom de cada classe, haureu de mirar el v\u00eddeo que trobareu a la carpeta compartida del vostre grup a la p\u00e0gina web de l&#8217;escola: a l&#8217;apartat fotos, hi introdu\u00efu la contrasenya que us hem facilitat i ho podreu descobrir!!<\/p>\n<p>Esperem que us agradi. Nosaltres ho hem gaudit molt!<\/p>\n<p>&nbsp;<\/p>\n","protected":false},"excerpt":{"rendered":"<p>Ja ten\u00edem moltes ganes de saber quin seria el nom de cada classe i avui hem celebrat la Festa dels Noms per poder-ho presentar i compartir.<br \/>\nCada grup ha preparat un petit espectacle perqu\u00e8 la resta de l&#8217;escola pogu\u00e9ssim endevinar quin nom s\u00f3n. Ha estat molt&hellip;  <a href=\"https:\/\/agora.xtec.cat\/ceiprossendmontane\/portada\/general\/la-festa-dels-noms-24-25\/\" title=\"Read LA FESTA DELS NOMS 24-25\">Llegeix m\u00e9s\u00bb<\/a><\/p>\n","protected":false},"author":1,"featured_media":1611,"comment_status":"open","ping_status":"closed","sticky":false,"template":"","format":"standard","meta":{"_bbp_topic_count":0,"_bbp_reply_count":0,"_bbp_total_topic_count":0,"_bbp_total_reply_count":0,"_bbp_voice_count":0,"_bbp_anonymous_reply_count":0,"_bbp_topic_count_hidden":0,"_bbp_reply_count_hidden":0,"_bbp_forum_subforum_count":0,"footnotes":""},"categories":[10,11,12,13,14,15,1,3,8,9,2,4,5],"tags":[67,128,129,81],"class_list":["post-1609","post","type-post","status-publish","format-standard","has-post-thumbnail","hentry","category-1r","category-2n","category-3r","category-4t","category-5e","category-6e","category-general","category-i3","category-i4","category-i5","category-infantil","category-portada","category-primaria","tag-fem-escola","tag-festa","tag-festa-dels-noms","tag-rossend-montane"],"post_mailing_queue_ids":[],"_links":{"self":[{"href":"https:\/\/agora.xtec.cat\/ceiprossendmontane\/wp-json\/wp\/v2\/posts\/1609","targetHints":{"allow":["GET"]}}],"collection":[{"href":"https:\/\/agora.xtec.cat\/ceiprossendmontane\/wp-json\/wp\/v2\/posts"}],"about":[{"href":"https:\/\/agora.xtec.cat\/ceiprossendmontane\/wp-json\/wp\/v2\/types\/post"}],"author":[{"embeddable":true,"href":"https:\/\/agora.xtec.cat\/ceiprossendmontane\/wp-json\/wp\/v2\/users\/1"}],"replies":[{"embeddable":true,"href":"https:\/\/agora.xtec.cat\/ceiprossendmontane\/wp-json\/wp\/v2\/comments?post=1609"}],"version-history":[{"count":2,"href":"https:\/\/agora.xtec.cat\/ceiprossendmontane\/wp-json\/wp\/v2\/posts\/1609\/revisions"}],"predecessor-version":[{"id":1612,"href":"https:\/\/agora.xtec.cat\/ceiprossendmontane\/wp-json\/wp\/v2\/posts\/1609\/revisions\/1612"}],"wp:featuredmedia":[{"embeddable":true,"href":"https:\/\/agora.xtec.cat\/ceiprossendmontane\/wp-json\/wp\/v2\/media\/1611"}],"wp:attachment":[{"href":"https:\/\/agora.xtec.cat\/ceiprossendmontane\/wp-json\/wp\/v2\/media?parent=1609"}],"wp:term":[{"taxonomy":"category","embeddable":true,"href":"https:\/\/agora.xtec.cat\/ceiprossendmontane\/wp-json\/wp\/v2\/categories?post=1609"},{"taxonomy":"post_tag","embeddable":true,"href":"https:\/\/agora.xtec.cat\/ceiprossendmontane\/wp-json\/wp\/v2\/tags?post=1609"}],"curies":[{"name":"wp","href":"https:\/\/api.w.org\/{rel}","templated":true}]}}