{"id":1573,"date":"2024-10-03T12:20:41","date_gmt":"2024-10-03T10:20:41","guid":{"rendered":"https:\/\/agora.xtec.cat\/ceiprossendmontane\/?p=1573"},"modified":"2024-10-03T12:21:23","modified_gmt":"2024-10-03T10:21:23","slug":"mural-cooperatius-dels-primers-dies","status":"publish","type":"post","link":"https:\/\/agora.xtec.cat\/ceiprossendmontane\/portada\/general\/mural-cooperatius-dels-primers-dies\/","title":{"rendered":"Mural cooperatius dels primers dies"},"content":{"rendered":"<p><span style=\"font-weight: 400;\">Els primers dies d\u2019escola, els nens i les nenes de 4t vam fer un mural cooperatiu de tem\u00e0tica lliure, utilitzant pintures sobre un fons negre. Abans hav\u00edem parlat de qu\u00e8 haur\u00edem de fer, com a grup, per tenir una bona conviv\u00e8ncia i aprendre molt. Les paraules claus van ser: RESPECTE, CALMA, ESCOLTA I OBSERVACI\u00d3 i ESFOR\u00c7, i les vam enganxar sobre el nostre mural per tenir-les sempre present. Amb la col\u00b7laboraci\u00f3 de tots, fam\u00edlies i escola, les portarem a la pr\u00e0ctica cada dia. Segur que s\u00ed!<\/span><\/p>\n","protected":false},"excerpt":{"rendered":"<p>Els primers dies d\u2019escola, els nens i les nenes de 4t vam fer un mural cooperatiu de tem\u00e0tica lliure, utilitzant pintures sobre un fons negre. Abans hav\u00edem parlat de qu\u00e8 haur\u00edem de fer, com a grup, per tenir una bona conviv\u00e8ncia i aprendre molt. Les&hellip;  <a href=\"https:\/\/agora.xtec.cat\/ceiprossendmontane\/portada\/general\/mural-cooperatius-dels-primers-dies\/\" title=\"Read Mural cooperatius dels primers dies\">Llegeix m\u00e9s\u00bb<\/a><\/p>\n","protected":false},"author":1,"featured_media":1582,"comment_status":"open","ping_status":"closed","sticky":false,"template":"","format":"standard","meta":{"_bbp_topic_count":0,"_bbp_reply_count":0,"_bbp_total_topic_count":0,"_bbp_total_reply_count":0,"_bbp_voice_count":0,"_bbp_anonymous_reply_count":0,"_bbp_topic_count_hidden":0,"_bbp_reply_count_hidden":0,"_bbp_forum_subforum_count":0,"footnotes":""},"categories":[13,1,5],"tags":[125,126,127,124],"class_list":["post-1573","post","type-post","status-publish","format-standard","has-post-thumbnail","hentry","category-4t","category-general","category-primaria","tag-cooperacio","tag-equip","tag-junts","tag-primersdies"],"post_mailing_queue_ids":[],"_links":{"self":[{"href":"https:\/\/agora.xtec.cat\/ceiprossendmontane\/wp-json\/wp\/v2\/posts\/1573","targetHints":{"allow":["GET"]}}],"collection":[{"href":"https:\/\/agora.xtec.cat\/ceiprossendmontane\/wp-json\/wp\/v2\/posts"}],"about":[{"href":"https:\/\/agora.xtec.cat\/ceiprossendmontane\/wp-json\/wp\/v2\/types\/post"}],"author":[{"embeddable":true,"href":"https:\/\/agora.xtec.cat\/ceiprossendmontane\/wp-json\/wp\/v2\/users\/1"}],"replies":[{"embeddable":true,"href":"https:\/\/agora.xtec.cat\/ceiprossendmontane\/wp-json\/wp\/v2\/comments?post=1573"}],"version-history":[{"count":1,"href":"https:\/\/agora.xtec.cat\/ceiprossendmontane\/wp-json\/wp\/v2\/posts\/1573\/revisions"}],"predecessor-version":[{"id":1574,"href":"https:\/\/agora.xtec.cat\/ceiprossendmontane\/wp-json\/wp\/v2\/posts\/1573\/revisions\/1574"}],"wp:featuredmedia":[{"embeddable":true,"href":"https:\/\/agora.xtec.cat\/ceiprossendmontane\/wp-json\/wp\/v2\/media\/1582"}],"wp:attachment":[{"href":"https:\/\/agora.xtec.cat\/ceiprossendmontane\/wp-json\/wp\/v2\/media?parent=1573"}],"wp:term":[{"taxonomy":"category","embeddable":true,"href":"https:\/\/agora.xtec.cat\/ceiprossendmontane\/wp-json\/wp\/v2\/categories?post=1573"},{"taxonomy":"post_tag","embeddable":true,"href":"https:\/\/agora.xtec.cat\/ceiprossendmontane\/wp-json\/wp\/v2\/tags?post=1573"}],"curies":[{"name":"wp","href":"https:\/\/api.w.org\/{rel}","templated":true}]}}