{"id":1572,"date":"2024-10-03T12:53:06","date_gmt":"2024-10-03T10:53:06","guid":{"rendered":"https:\/\/agora.xtec.cat\/ceiprossendmontane\/?p=1572"},"modified":"2024-10-03T12:54:52","modified_gmt":"2024-10-03T10:54:52","slug":"ja-estem-a-lescola-dels-grans-%f0%9f%a4%a9","status":"publish","type":"post","link":"https:\/\/agora.xtec.cat\/ceiprossendmontane\/portada\/general\/ja-estem-a-lescola-dels-grans-%f0%9f%a4%a9\/","title":{"rendered":"Ja estem a l&#8217;escola dels grans! \ud83e\udd29"},"content":{"rendered":"<p><span style=\"font-weight: 400;\">Les nenes i els nens d\u2019I3 hem comen\u00e7at l\u2019escola dels grans. Els primers dies hem tingut temps per anar coneixent-nos entre nosaltres, con\u00e8ixer les rutines i fins i tot hem fet un Tour per l\u2019escola per con\u00e8ixer els diferents espais. Hem anat a mirar i escoltar un conte a la biblioteca, hem anat a jugar al pat\u00ed del Saul\u00f3 i hem anat a fer psicomotricitat al gimn\u00e0s. A l\u2019aula, hem comen\u00e7at a fer activitats com ara grafomotricitat, joc simb\u00f2lic, m\u00fasica i trencaclosques, entre d\u2019altres. A m\u00e9s, hem apr\u00e8s a fer una rotllana amb ajuda dels nostres coixins.<\/span><\/p>\n<p>Anem per bon cam\u00ed!<\/p>\n","protected":false},"excerpt":{"rendered":"<p>Les nenes i els nens d\u2019I3 hem comen\u00e7at l\u2019escola dels grans. Els primers dies hem tingut temps per anar coneixent-nos entre nosaltres, con\u00e8ixer les rutines i fins i tot hem fet un Tour per l\u2019escola per con\u00e8ixer els diferents espais. Hem anat a mirar i&hellip;  <a href=\"https:\/\/agora.xtec.cat\/ceiprossendmontane\/portada\/general\/ja-estem-a-lescola-dels-grans-%f0%9f%a4%a9\/\" title=\"Read Ja estem a l&#8217;escola dels grans! \ud83e\udd29\">Llegeix m\u00e9s\u00bb<\/a><\/p>\n","protected":false},"author":1,"featured_media":1586,"comment_status":"open","ping_status":"closed","sticky":false,"template":"","format":"standard","meta":{"_bbp_topic_count":0,"_bbp_reply_count":0,"_bbp_total_topic_count":0,"_bbp_total_reply_count":0,"_bbp_voice_count":0,"_bbp_anonymous_reply_count":0,"_bbp_topic_count_hidden":0,"_bbp_reply_count_hidden":0,"_bbp_forum_subforum_count":0,"footnotes":""},"categories":[1,3,2,4],"tags":[],"class_list":["post-1572","post","type-post","status-publish","format-standard","has-post-thumbnail","hentry","category-general","category-i3","category-infantil","category-portada"],"post_mailing_queue_ids":[],"_links":{"self":[{"href":"https:\/\/agora.xtec.cat\/ceiprossendmontane\/wp-json\/wp\/v2\/posts\/1572","targetHints":{"allow":["GET"]}}],"collection":[{"href":"https:\/\/agora.xtec.cat\/ceiprossendmontane\/wp-json\/wp\/v2\/posts"}],"about":[{"href":"https:\/\/agora.xtec.cat\/ceiprossendmontane\/wp-json\/wp\/v2\/types\/post"}],"author":[{"embeddable":true,"href":"https:\/\/agora.xtec.cat\/ceiprossendmontane\/wp-json\/wp\/v2\/users\/1"}],"replies":[{"embeddable":true,"href":"https:\/\/agora.xtec.cat\/ceiprossendmontane\/wp-json\/wp\/v2\/comments?post=1572"}],"version-history":[{"count":4,"href":"https:\/\/agora.xtec.cat\/ceiprossendmontane\/wp-json\/wp\/v2\/posts\/1572\/revisions"}],"predecessor-version":[{"id":1588,"href":"https:\/\/agora.xtec.cat\/ceiprossendmontane\/wp-json\/wp\/v2\/posts\/1572\/revisions\/1588"}],"wp:featuredmedia":[{"embeddable":true,"href":"https:\/\/agora.xtec.cat\/ceiprossendmontane\/wp-json\/wp\/v2\/media\/1586"}],"wp:attachment":[{"href":"https:\/\/agora.xtec.cat\/ceiprossendmontane\/wp-json\/wp\/v2\/media?parent=1572"}],"wp:term":[{"taxonomy":"category","embeddable":true,"href":"https:\/\/agora.xtec.cat\/ceiprossendmontane\/wp-json\/wp\/v2\/categories?post=1572"},{"taxonomy":"post_tag","embeddable":true,"href":"https:\/\/agora.xtec.cat\/ceiprossendmontane\/wp-json\/wp\/v2\/tags?post=1572"}],"curies":[{"name":"wp","href":"https:\/\/api.w.org\/{rel}","templated":true}]}}