{"id":1560,"date":"2024-09-17T11:07:57","date_gmt":"2024-09-17T09:07:57","guid":{"rendered":"https:\/\/agora.xtec.cat\/ceiprossendmontane\/?p=1560"},"modified":"2024-09-17T11:07:57","modified_gmt":"2024-09-17T09:07:57","slug":"sortida-del-projecte-50-anys-descola%f0%9f%8c%9f","status":"publish","type":"post","link":"https:\/\/agora.xtec.cat\/ceiprossendmontane\/portada\/general\/sortida-del-projecte-50-anys-descola%f0%9f%8c%9f\/","title":{"rendered":"SORTIDA DEL PROJECTE 50 ANYS D&#8217;ESCOLA!\ud83c\udf1f"},"content":{"rendered":"<p>Aquest dimarts hem tingut la visita de la Montse Almirall, exmestra i exdirectora de l&#8217;escola, i l&#8217;Esther Miquel, qui va ser alumna de la primera generaci\u00f3 el curs 1974. Han vingut per compartir les seves experi\u00e8ncies i ens han fet reflexionar sobre l&#8217;evoluci\u00f3 de l&#8217;escola des de la seva creaci\u00f3 fins al dia d&#8217;avui.<\/p>\n<p>La Montse i l&#8217;Esther han animat i encoratjat als i les alumnes a descobrir com l&#8217;escola i el seu entorn ha anat evolucionant al llarg de tots aquests anys des de professions, edificis, eines o qualsevol canvi que puguin investigar. Aquesta grata sorpresa ha donat el tret d&#8217;inici al projecte d&#8217;aquest any: <strong>La celebraci\u00f3 del 50\u00e8 aniversari<\/strong>.<\/p>\n<p>D&#8217;aquesta manera, animem tamb\u00e9 als familiars i\/o coneguts\/es a formar part d&#8217;aquest moment m\u00e0gic de l&#8217;escola aportant experi\u00e8ncies pr\u00f2pies i implicant-se tamb\u00e9 en la recerca. Qui vulgui col\u00b7laborar, nom\u00e9s cal que s&#8217;adreci a l&#8217;equip directiu i\/o tutores.<\/p>\n<p>Pels m\u00e9s nost\u00e0lgics\/ques, volem compartir amb vosaltres l&#8217;enlla\u00e7 del v\u00eddeo en VHS que es va publicar en els 25 anys d&#8217;escola en la ubicaci\u00f3 actual: <a href=\"https:\/\/drive.google.com\/file\/d\/1AbS_G89wFnKJR8S_WYm86VRtAhBfDbNi\/view?usp=sharing\">Un segle d&#8217;escola<\/a>.<\/p>\n<p>Us esperem en aquest any especial i amb sorpreses!<\/p>\n","protected":false},"excerpt":{"rendered":"<p>Tret d&#8217;inici del projecte 50 anys amb dues persones molt especials per l&#8217;escola! &hellip;  <a href=\"https:\/\/agora.xtec.cat\/ceiprossendmontane\/portada\/general\/sortida-del-projecte-50-anys-descola%f0%9f%8c%9f\/\" title=\"Read SORTIDA DEL PROJECTE 50 ANYS D&#8217;ESCOLA!\ud83c\udf1f\">Llegeix m\u00e9s\u00bb<\/a><\/p>\n","protected":false},"author":1,"featured_media":1569,"comment_status":"open","ping_status":"closed","sticky":false,"template":"","format":"standard","meta":{"_bbp_topic_count":0,"_bbp_reply_count":0,"_bbp_total_topic_count":0,"_bbp_total_reply_count":0,"_bbp_voice_count":0,"_bbp_anonymous_reply_count":0,"_bbp_topic_count_hidden":0,"_bbp_reply_count_hidden":0,"_bbp_forum_subforum_count":0,"footnotes":""},"categories":[1,2,5],"tags":[120],"class_list":["post-1560","post","type-post","status-publish","format-standard","has-post-thumbnail","hentry","category-general","category-infantil","category-primaria","tag-50-anys"],"post_mailing_queue_ids":[],"_links":{"self":[{"href":"https:\/\/agora.xtec.cat\/ceiprossendmontane\/wp-json\/wp\/v2\/posts\/1560","targetHints":{"allow":["GET"]}}],"collection":[{"href":"https:\/\/agora.xtec.cat\/ceiprossendmontane\/wp-json\/wp\/v2\/posts"}],"about":[{"href":"https:\/\/agora.xtec.cat\/ceiprossendmontane\/wp-json\/wp\/v2\/types\/post"}],"author":[{"embeddable":true,"href":"https:\/\/agora.xtec.cat\/ceiprossendmontane\/wp-json\/wp\/v2\/users\/1"}],"replies":[{"embeddable":true,"href":"https:\/\/agora.xtec.cat\/ceiprossendmontane\/wp-json\/wp\/v2\/comments?post=1560"}],"version-history":[{"count":2,"href":"https:\/\/agora.xtec.cat\/ceiprossendmontane\/wp-json\/wp\/v2\/posts\/1560\/revisions"}],"predecessor-version":[{"id":1571,"href":"https:\/\/agora.xtec.cat\/ceiprossendmontane\/wp-json\/wp\/v2\/posts\/1560\/revisions\/1571"}],"wp:featuredmedia":[{"embeddable":true,"href":"https:\/\/agora.xtec.cat\/ceiprossendmontane\/wp-json\/wp\/v2\/media\/1569"}],"wp:attachment":[{"href":"https:\/\/agora.xtec.cat\/ceiprossendmontane\/wp-json\/wp\/v2\/media?parent=1560"}],"wp:term":[{"taxonomy":"category","embeddable":true,"href":"https:\/\/agora.xtec.cat\/ceiprossendmontane\/wp-json\/wp\/v2\/categories?post=1560"},{"taxonomy":"post_tag","embeddable":true,"href":"https:\/\/agora.xtec.cat\/ceiprossendmontane\/wp-json\/wp\/v2\/tags?post=1560"}],"curies":[{"name":"wp","href":"https:\/\/api.w.org\/{rel}","templated":true}]}}