{"id":1524,"date":"2024-06-17T11:20:08","date_gmt":"2024-06-17T09:20:08","guid":{"rendered":"https:\/\/agora.xtec.cat\/ceiprossendmontane\/?p=1524"},"modified":"2024-06-17T11:23:15","modified_gmt":"2024-06-17T09:23:15","slug":"acabem-el-projecte-dels-entrepans","status":"publish","type":"post","link":"https:\/\/agora.xtec.cat\/ceiprossendmontane\/portada\/general\/acabem-el-projecte-dels-entrepans\/","title":{"rendered":"ACABEM EL PROJECTE DELS ENTREPANS"},"content":{"rendered":"<p>&nbsp;<\/p>\n<p><img loading=\"lazy\" decoding=\"async\" class=\"aligncenter wp-image-1525\" src=\"https:\/\/agora.xtec.cat\/ceiprossendmontane\/wp-content\/uploads\/usu2330\/2024\/06\/Captura121.jpg\" alt=\"\" width=\"446\" height=\"297\" srcset=\"https:\/\/agora.xtec.cat\/ceiprossendmontane\/wp-content\/uploads\/usu2330\/2024\/06\/Captura121.jpg 642w, https:\/\/agora.xtec.cat\/ceiprossendmontane\/wp-content\/uploads\/usu2330\/2024\/06\/Captura121-300x200.jpg 300w\" sizes=\"auto, (max-width: 446px) 100vw, 446px\" \/><\/p>\n<p align=\"justify\">I despr\u00e9s de tot un curs fent el Projecte dels entrepans, podem dir que hem apr\u00e8s molt\u00edssimes coses. Sobretot a perdre la vergonya!!<\/p>\n<p align=\"justify\">Hem apr\u00e8s a demanar el qu\u00e8 volem, a fer presentacions davant de companys i companyes que no s\u00f3n del nostre curs i la majoria dels objectius que ens vam marcar a l\u2019inici de curs els hem superassolit!!<\/p>\n<p align=\"justify\">Felicitats per la feina feta!! Sou uns i unes craks!!<\/p>\n","protected":false},"excerpt":{"rendered":"<p>&nbsp;<\/p>\n<p>I despr\u00e9s de tot un curs fent el Projecte dels entrepans, podem dir que hem apr\u00e8s molt\u00edssimes coses. Sobretot a perdre la vergonya!!<br \/>\nHem apr\u00e8s a demanar el qu\u00e8 volem, a fer presentacions davant de companys i companyes que no s\u00f3n del nostre curs i la&hellip;  <a href=\"https:\/\/agora.xtec.cat\/ceiprossendmontane\/portada\/general\/acabem-el-projecte-dels-entrepans\/\" title=\"Read ACABEM EL PROJECTE DELS ENTREPANS\">Llegeix m\u00e9s\u00bb<\/a><\/p>\n","protected":false},"author":1,"featured_media":0,"comment_status":"closed","ping_status":"closed","sticky":false,"template":"","format":"standard","meta":{"_bbp_topic_count":0,"_bbp_reply_count":0,"_bbp_total_topic_count":0,"_bbp_total_reply_count":0,"_bbp_voice_count":0,"_bbp_anonymous_reply_count":0,"_bbp_topic_count_hidden":0,"_bbp_reply_count_hidden":0,"_bbp_forum_subforum_count":0,"footnotes":""},"categories":[1],"tags":[119],"class_list":["post-1524","post","type-post","status-publish","format-standard","hentry","category-general","tag-educacioespecial"],"post_mailing_queue_ids":[],"_links":{"self":[{"href":"https:\/\/agora.xtec.cat\/ceiprossendmontane\/wp-json\/wp\/v2\/posts\/1524","targetHints":{"allow":["GET"]}}],"collection":[{"href":"https:\/\/agora.xtec.cat\/ceiprossendmontane\/wp-json\/wp\/v2\/posts"}],"about":[{"href":"https:\/\/agora.xtec.cat\/ceiprossendmontane\/wp-json\/wp\/v2\/types\/post"}],"author":[{"embeddable":true,"href":"https:\/\/agora.xtec.cat\/ceiprossendmontane\/wp-json\/wp\/v2\/users\/1"}],"replies":[{"embeddable":true,"href":"https:\/\/agora.xtec.cat\/ceiprossendmontane\/wp-json\/wp\/v2\/comments?post=1524"}],"version-history":[{"count":2,"href":"https:\/\/agora.xtec.cat\/ceiprossendmontane\/wp-json\/wp\/v2\/posts\/1524\/revisions"}],"predecessor-version":[{"id":1527,"href":"https:\/\/agora.xtec.cat\/ceiprossendmontane\/wp-json\/wp\/v2\/posts\/1524\/revisions\/1527"}],"wp:attachment":[{"href":"https:\/\/agora.xtec.cat\/ceiprossendmontane\/wp-json\/wp\/v2\/media?parent=1524"}],"wp:term":[{"taxonomy":"category","embeddable":true,"href":"https:\/\/agora.xtec.cat\/ceiprossendmontane\/wp-json\/wp\/v2\/categories?post=1524"},{"taxonomy":"post_tag","embeddable":true,"href":"https:\/\/agora.xtec.cat\/ceiprossendmontane\/wp-json\/wp\/v2\/tags?post=1524"}],"curies":[{"name":"wp","href":"https:\/\/api.w.org\/{rel}","templated":true}]}}