{"id":1516,"date":"2024-06-13T12:50:03","date_gmt":"2024-06-13T10:50:03","guid":{"rendered":"https:\/\/agora.xtec.cat\/ceiprossendmontane\/?p=1516"},"modified":"2024-06-13T12:50:03","modified_gmt":"2024-06-13T10:50:03","slug":"jornada-esportiva","status":"publish","type":"post","link":"https:\/\/agora.xtec.cat\/ceiprossendmontane\/portada\/general\/jornada-esportiva\/","title":{"rendered":"JORNADA ESPORTIVA"},"content":{"rendered":"<p><img loading=\"lazy\" decoding=\"async\" class=\"aligncenter  wp-image-1517\" src=\"https:\/\/agora.xtec.cat\/ceiprossendmontane\/wp-content\/uploads\/usu2330\/2024\/06\/Captura-de-pantalla-2024-06-13-124719.png\" alt=\"\" width=\"426\" height=\"339\" srcset=\"https:\/\/agora.xtec.cat\/ceiprossendmontane\/wp-content\/uploads\/usu2330\/2024\/06\/Captura-de-pantalla-2024-06-13-124719.png 725w, https:\/\/agora.xtec.cat\/ceiprossendmontane\/wp-content\/uploads\/usu2330\/2024\/06\/Captura-de-pantalla-2024-06-13-124719-300x239.png 300w\" sizes=\"auto, (max-width: 426px) 100vw, 426px\" \/><\/p>\n<p>Un curs m\u00e9s, tot l\u2019alumnat de 1r a 6\u00e8 ha pogut gaudir de la trobada esportiva comarcal!<\/p>\n<p>A les classes d\u2019Educaci\u00f3 F\u00edsica estem preparant els esports que practicarem all\u00e0: korfball, hoquei, atletisme, minib\u00e0squet, futbol sala, pitxi peu\u2026<\/p>\n<p>Hi hem anat ben preparats, per\u00f2 tenint molt i molt clar que el m\u00e9s important \u00e9s passar-ho molt b\u00e9 independentment del resultat, respectant als nostres companys\/es, els de les altres escoles i als monitors\/es. Volem que tothom s\u2019ho passi genial gaudint de l\u2019esport!<\/p>\n<p>Volem agrair a l\u2019Ajuntament d\u2019Ol\u00e8rdola que ens posa l\u2019autob\u00fas per poder-hi anar!<\/p>\n","protected":false},"excerpt":{"rendered":"<p>Un curs m\u00e9s, tot l\u2019alumnat de 1r a 6\u00e8 ha pogut gaudir de la trobada esportiva comarcal!<br \/>\nA les classes d\u2019Educaci\u00f3 F\u00edsica estem preparant els esports que practicarem all\u00e0: korfball, hoquei, atletisme, minib\u00e0squet, futbol sala, pitxi peu\u2026<br \/>\nHi hem anat ben preparats, per\u00f2 tenint molt i molt&hellip;  <a href=\"https:\/\/agora.xtec.cat\/ceiprossendmontane\/portada\/general\/jornada-esportiva\/\" title=\"Read JORNADA ESPORTIVA\">Llegeix m\u00e9s\u00bb<\/a><\/p>\n","protected":false},"author":1,"featured_media":0,"comment_status":"closed","ping_status":"closed","sticky":false,"template":"","format":"standard","meta":{"_bbp_topic_count":0,"_bbp_reply_count":0,"_bbp_total_topic_count":0,"_bbp_total_reply_count":0,"_bbp_voice_count":0,"_bbp_anonymous_reply_count":0,"_bbp_topic_count_hidden":0,"_bbp_reply_count_hidden":0,"_bbp_forum_subforum_count":0,"footnotes":""},"categories":[1],"tags":[118,92,114],"class_list":["post-1516","post","type-post","status-publish","format-standard","hentry","category-general","tag-educaciofisica","tag-equipgrans","tag-equipmitjans"],"post_mailing_queue_ids":[],"_links":{"self":[{"href":"https:\/\/agora.xtec.cat\/ceiprossendmontane\/wp-json\/wp\/v2\/posts\/1516","targetHints":{"allow":["GET"]}}],"collection":[{"href":"https:\/\/agora.xtec.cat\/ceiprossendmontane\/wp-json\/wp\/v2\/posts"}],"about":[{"href":"https:\/\/agora.xtec.cat\/ceiprossendmontane\/wp-json\/wp\/v2\/types\/post"}],"author":[{"embeddable":true,"href":"https:\/\/agora.xtec.cat\/ceiprossendmontane\/wp-json\/wp\/v2\/users\/1"}],"replies":[{"embeddable":true,"href":"https:\/\/agora.xtec.cat\/ceiprossendmontane\/wp-json\/wp\/v2\/comments?post=1516"}],"version-history":[{"count":1,"href":"https:\/\/agora.xtec.cat\/ceiprossendmontane\/wp-json\/wp\/v2\/posts\/1516\/revisions"}],"predecessor-version":[{"id":1518,"href":"https:\/\/agora.xtec.cat\/ceiprossendmontane\/wp-json\/wp\/v2\/posts\/1516\/revisions\/1518"}],"wp:attachment":[{"href":"https:\/\/agora.xtec.cat\/ceiprossendmontane\/wp-json\/wp\/v2\/media?parent=1516"}],"wp:term":[{"taxonomy":"category","embeddable":true,"href":"https:\/\/agora.xtec.cat\/ceiprossendmontane\/wp-json\/wp\/v2\/categories?post=1516"},{"taxonomy":"post_tag","embeddable":true,"href":"https:\/\/agora.xtec.cat\/ceiprossendmontane\/wp-json\/wp\/v2\/tags?post=1516"}],"curies":[{"name":"wp","href":"https:\/\/api.w.org\/{rel}","templated":true}]}}