{"id":1507,"date":"2024-06-06T13:33:08","date_gmt":"2024-06-06T11:33:08","guid":{"rendered":"https:\/\/agora.xtec.cat\/ceiprossendmontane\/?p=1507"},"modified":"2024-06-06T13:35:14","modified_gmt":"2024-06-06T11:35:14","slug":"les-colonies-de-lequip-de-petits-i-mitjans","status":"publish","type":"post","link":"https:\/\/agora.xtec.cat\/ceiprossendmontane\/portada\/general\/les-colonies-de-lequip-de-petits-i-mitjans\/","title":{"rendered":"LES COL\u00d2NIES DE L&#8217;EQUIP DE PETITS I MITJANS!"},"content":{"rendered":"<p align=\"justify\"><img loading=\"lazy\" decoding=\"async\" class=\"aligncenter size-full wp-image-1508\" src=\"https:\/\/agora.xtec.cat\/ceiprossendmontane\/wp-content\/uploads\/usu2330\/2024\/06\/COLONIES-CAN-PUIG-P-M-1.png\" alt=\"\" width=\"1500\" height=\"1000\" srcset=\"https:\/\/agora.xtec.cat\/ceiprossendmontane\/wp-content\/uploads\/usu2330\/2024\/06\/COLONIES-CAN-PUIG-P-M-1.png 1500w, https:\/\/agora.xtec.cat\/ceiprossendmontane\/wp-content\/uploads\/usu2330\/2024\/06\/COLONIES-CAN-PUIG-P-M-1-300x200.png 300w, https:\/\/agora.xtec.cat\/ceiprossendmontane\/wp-content\/uploads\/usu2330\/2024\/06\/COLONIES-CAN-PUIG-P-M-1-1024x683.png 1024w, https:\/\/agora.xtec.cat\/ceiprossendmontane\/wp-content\/uploads\/usu2330\/2024\/06\/COLONIES-CAN-PUIG-P-M-1-768x512.png 768w\" sizes=\"auto, (max-width: 1500px) 100vw, 1500px\" \/><\/p>\n<p align=\"justify\"><span style=\"color: #444444;\"><span style=\"font-family: Open Sans, Arial, Helvetica, sans-serif;\">Els dies 20 i 21 de maig, l\u2019equip dels Petits i Mitjans van poder viure les seves primeres col\u00f2nies a la casa Can Puig, de Sant Salvador de Guardiola.<\/span><\/span><\/p>\n<p align=\"justify\"><span style=\"color: #444444;\"><span style=\"font-family: Open Sans, Arial, Helvetica, sans-serif;\">Vam gaudir d\u2019un preci\u00f3s entorn natural que envoltava la casa, del Bosc dels Follets i del Territori Indi! Hem hagut de superar molts reptes, amb molta diversi\u00f3 i alegria ho hem aconseguit! En resum&#8230; ens ho hem passat GENIAL!!<\/span><\/span><\/p>\n<p align=\"justify\"><span style=\"color: #444444;\"><span style=\"font-family: Open Sans, Arial, Helvetica, sans-serif;\">El temps ens ho va posar molt f\u00e0cil, van ser dos dies de sol i molt bon temps! A m\u00e9s a m\u00e9s, en els moments lliures vam poder gaudir d\u2019un espai natural on jug\u00e0vem amb material divers i ens invent\u00e0vem hist\u00f2ries ben divertides!<\/span><\/span><\/p>\n<p align=\"justify\"><span style=\"color: #444444;\"><span style=\"font-family: Open Sans, Arial, Helvetica, sans-serif;\">Una experi\u00e8ncia per repetir! Aquests dos dies de compartir experi\u00e8ncies han fet que ens quedi un gran record i moltes ganes per a tornar-hi l\u2019any vinent!<\/span><\/span><\/p>\n<p align=\"justify\">\n","protected":false},"excerpt":{"rendered":"<p>Els dies 20 i 21 de maig, l\u2019equip dels Petits i Mitjans van poder viure les seves primeres col\u00f2nies a la casa Can Puig, de Sant Salvador de Guardiola.<br \/>\nVam gaudir d\u2019un preci\u00f3s entorn natural que envoltava la casa, del Bosc dels Follets i del Territori&hellip;  <a href=\"https:\/\/agora.xtec.cat\/ceiprossendmontane\/portada\/general\/les-colonies-de-lequip-de-petits-i-mitjans\/\" title=\"Read LES COL\u00d2NIES DE L&#8217;EQUIP DE PETITS I MITJANS!\">Llegeix m\u00e9s\u00bb<\/a><\/p>\n","protected":false},"author":1,"featured_media":0,"comment_status":"closed","ping_status":"closed","sticky":false,"template":"","format":"standard","meta":{"_bbp_topic_count":0,"_bbp_reply_count":0,"_bbp_total_topic_count":0,"_bbp_total_reply_count":0,"_bbp_voice_count":0,"_bbp_anonymous_reply_count":0,"_bbp_topic_count_hidden":0,"_bbp_reply_count_hidden":0,"_bbp_forum_subforum_count":0,"footnotes":""},"categories":[10,11,12,1,3,8,9,2,4,5],"tags":[115,69,68,67],"class_list":["post-1507","post","type-post","status-publish","format-standard","hentry","category-1r","category-2n","category-3r","category-general","category-i3","category-i4","category-i5","category-infantil","category-portada","category-primaria","tag-colonies","tag-equip-mitjans","tag-equip-petits","tag-fem-escola"],"post_mailing_queue_ids":[],"_links":{"self":[{"href":"https:\/\/agora.xtec.cat\/ceiprossendmontane\/wp-json\/wp\/v2\/posts\/1507","targetHints":{"allow":["GET"]}}],"collection":[{"href":"https:\/\/agora.xtec.cat\/ceiprossendmontane\/wp-json\/wp\/v2\/posts"}],"about":[{"href":"https:\/\/agora.xtec.cat\/ceiprossendmontane\/wp-json\/wp\/v2\/types\/post"}],"author":[{"embeddable":true,"href":"https:\/\/agora.xtec.cat\/ceiprossendmontane\/wp-json\/wp\/v2\/users\/1"}],"replies":[{"embeddable":true,"href":"https:\/\/agora.xtec.cat\/ceiprossendmontane\/wp-json\/wp\/v2\/comments?post=1507"}],"version-history":[{"count":1,"href":"https:\/\/agora.xtec.cat\/ceiprossendmontane\/wp-json\/wp\/v2\/posts\/1507\/revisions"}],"predecessor-version":[{"id":1509,"href":"https:\/\/agora.xtec.cat\/ceiprossendmontane\/wp-json\/wp\/v2\/posts\/1507\/revisions\/1509"}],"wp:attachment":[{"href":"https:\/\/agora.xtec.cat\/ceiprossendmontane\/wp-json\/wp\/v2\/media?parent=1507"}],"wp:term":[{"taxonomy":"category","embeddable":true,"href":"https:\/\/agora.xtec.cat\/ceiprossendmontane\/wp-json\/wp\/v2\/categories?post=1507"},{"taxonomy":"post_tag","embeddable":true,"href":"https:\/\/agora.xtec.cat\/ceiprossendmontane\/wp-json\/wp\/v2\/tags?post=1507"}],"curies":[{"name":"wp","href":"https:\/\/api.w.org\/{rel}","templated":true}]}}