{"id":1505,"date":"2024-06-06T13:38:54","date_gmt":"2024-06-06T11:38:54","guid":{"rendered":"https:\/\/agora.xtec.cat\/ceiprossendmontane\/?p=1505"},"modified":"2024-06-13T12:50:20","modified_gmt":"2024-06-13T10:50:20","slug":"rossend-montane-on-air","status":"publish","type":"post","link":"https:\/\/agora.xtec.cat\/ceiprossendmontane\/portada\/general\/rossend-montane-on-air\/","title":{"rendered":"ROSSEND MONTAN\u00c9 ON AIR"},"content":{"rendered":"<p><img loading=\"lazy\" decoding=\"async\" class=\"aligncenter wp-image-1506\" src=\"https:\/\/agora.xtec.cat\/ceiprossendmontane\/wp-content\/uploads\/usu2330\/2024\/06\/Blue-Gradient-World-Radio-Day-Instagram-Post.jpg\" alt=\"\" width=\"345\" height=\"345\" srcset=\"https:\/\/agora.xtec.cat\/ceiprossendmontane\/wp-content\/uploads\/usu2330\/2024\/06\/Blue-Gradient-World-Radio-Day-Instagram-Post.jpg 1080w, https:\/\/agora.xtec.cat\/ceiprossendmontane\/wp-content\/uploads\/usu2330\/2024\/06\/Blue-Gradient-World-Radio-Day-Instagram-Post-300x300.jpg 300w, https:\/\/agora.xtec.cat\/ceiprossendmontane\/wp-content\/uploads\/usu2330\/2024\/06\/Blue-Gradient-World-Radio-Day-Instagram-Post-1024x1024.jpg 1024w, https:\/\/agora.xtec.cat\/ceiprossendmontane\/wp-content\/uploads\/usu2330\/2024\/06\/Blue-Gradient-World-Radio-Day-Instagram-Post-150x150.jpg 150w, https:\/\/agora.xtec.cat\/ceiprossendmontane\/wp-content\/uploads\/usu2330\/2024\/06\/Blue-Gradient-World-Radio-Day-Instagram-Post-768x768.jpg 768w\" sizes=\"auto, (max-width: 345px) 100vw, 345px\" \/><\/p>\n<p>El grup de 6\u00e8 acaba el curs amb el projecte d&#8217;angl\u00e8s &#8220;Rossend Montan\u00e9 On Air&#8221;! L&#8217;objectiu \u00e9s treballar l&#8217;expressi\u00f3 i comprensi\u00f3 oral a trav\u00e9s d&#8217;una situaci\u00f3 real com \u00e9s la creaci\u00f3 d&#8217;un p\u00f2dcast. Primerament, han pensat en petits grups, el nom, la tem\u00e0tica i les preguntes. Un cop fet aquest primer pas, han enregistrat la veu i editat el primer episodi, treballant aix\u00ed la compet\u00e8ncia digital. Els hi han quedat uns p\u00f2dcasts molt interessant i divertits! Properament, us farem arribar els enlla\u00e7os per poder-los escoltar a casa.<\/p>\n<p>Agra\u00efm la col\u00b7laboraci\u00f3 de la Sara, la Cristina, l&#8217;\u00cdngrid i la Mireia, familiars dels i les alumnes de 6\u00e8 per la seva implicaci\u00f3 i ajuda per poder realitzar el projecte!<\/p>\n","protected":false},"excerpt":{"rendered":"<p>El grup de 6\u00e8 acaba el curs amb el projecte d&#8217;angl\u00e8s &#8220;Rossend Montan\u00e9 On Air&#8221;! L&#8217;objectiu \u00e9s treballar l&#8217;expressi\u00f3 i comprensi\u00f3 oral a trav\u00e9s d&#8217;una situaci\u00f3 real com \u00e9s la creaci\u00f3 d&#8217;un p\u00f2dcast. Primerament, han pensat en petits grups, el nom, la tem\u00e0tica i les&hellip;  <a href=\"https:\/\/agora.xtec.cat\/ceiprossendmontane\/portada\/general\/rossend-montane-on-air\/\" title=\"Read ROSSEND MONTAN\u00c9 ON AIR\">Llegeix m\u00e9s\u00bb<\/a><\/p>\n","protected":false},"author":1,"featured_media":0,"comment_status":"closed","ping_status":"closed","sticky":false,"template":"","format":"standard","meta":{"_bbp_topic_count":0,"_bbp_reply_count":0,"_bbp_total_topic_count":0,"_bbp_total_reply_count":0,"_bbp_voice_count":0,"_bbp_anonymous_reply_count":0,"_bbp_topic_count_hidden":0,"_bbp_reply_count_hidden":0,"_bbp_forum_subforum_count":0,"footnotes":""},"categories":[15,1],"tags":[],"class_list":["post-1505","post","type-post","status-publish","format-standard","hentry","category-6e","category-general"],"post_mailing_queue_ids":[],"_links":{"self":[{"href":"https:\/\/agora.xtec.cat\/ceiprossendmontane\/wp-json\/wp\/v2\/posts\/1505","targetHints":{"allow":["GET"]}}],"collection":[{"href":"https:\/\/agora.xtec.cat\/ceiprossendmontane\/wp-json\/wp\/v2\/posts"}],"about":[{"href":"https:\/\/agora.xtec.cat\/ceiprossendmontane\/wp-json\/wp\/v2\/types\/post"}],"author":[{"embeddable":true,"href":"https:\/\/agora.xtec.cat\/ceiprossendmontane\/wp-json\/wp\/v2\/users\/1"}],"replies":[{"embeddable":true,"href":"https:\/\/agora.xtec.cat\/ceiprossendmontane\/wp-json\/wp\/v2\/comments?post=1505"}],"version-history":[{"count":2,"href":"https:\/\/agora.xtec.cat\/ceiprossendmontane\/wp-json\/wp\/v2\/posts\/1505\/revisions"}],"predecessor-version":[{"id":1519,"href":"https:\/\/agora.xtec.cat\/ceiprossendmontane\/wp-json\/wp\/v2\/posts\/1505\/revisions\/1519"}],"wp:attachment":[{"href":"https:\/\/agora.xtec.cat\/ceiprossendmontane\/wp-json\/wp\/v2\/media?parent=1505"}],"wp:term":[{"taxonomy":"category","embeddable":true,"href":"https:\/\/agora.xtec.cat\/ceiprossendmontane\/wp-json\/wp\/v2\/categories?post=1505"},{"taxonomy":"post_tag","embeddable":true,"href":"https:\/\/agora.xtec.cat\/ceiprossendmontane\/wp-json\/wp\/v2\/tags?post=1505"}],"curies":[{"name":"wp","href":"https:\/\/api.w.org\/{rel}","templated":true}]}}