{"id":1501,"date":"2024-05-27T12:04:23","date_gmt":"2024-05-27T10:04:23","guid":{"rendered":"https:\/\/agora.xtec.cat\/ceiprossendmontane\/?p=1501"},"modified":"2024-05-27T12:06:59","modified_gmt":"2024-05-27T10:06:59","slug":"la-terra-a-lunivers","status":"publish","type":"post","link":"https:\/\/agora.xtec.cat\/ceiprossendmontane\/infantil\/la-terra-a-lunivers\/","title":{"rendered":"LA TERRA A L&#8217;UNIVERS"},"content":{"rendered":"<p align=\"justify\"><span style=\"font-size: large;\"><span lang=\"ca-ES\">Els nens i nenes d\u2019I5 hem comen\u00e7at el projecte <\/span><\/span><span style=\"font-size: large;\"><span lang=\"ca-ES\"><b>la Terra a l\u2019univers. <\/b><\/span><\/span><span style=\"font-size: large;\"><span lang=\"ca-ES\">Cada infant ha d\u2019investigar un dubte sobre el tema a casa i despr\u00e9s ho ha de compartir a l\u2019aula. Tamb\u00e9 hem fet alguns experiments per comprovar les hip\u00f2tesis que s\u2019havien plantejat: COM \u00c9S QUE HI HA DIA I NIT? COM \u00c9S QUE LES ESTRELLES NO ES VEUEN DURANT EL DIA? LA TERRA ES MOU AL VOLTANT DEL SOL O EL SOL AL VOLTANT DE LA TERRA? <\/span><\/span><\/p>\n<p align=\"justify\"><span style=\"font-size: large;\"><span lang=\"ca-ES\"><b>Mireu que b\u00e9 que ens ho passem tot experimentant i aprenent!!<\/b><\/span><\/span><span style=\"font-size: large;\"><span lang=\"ca-ES\"> La llanterna fa de Sol i la Terra gira sobre s\u00ed mateixa, observem com es fa de dia i de nit. Tamb\u00e9 descobrim les constel\u00b7lacions amb un projector i creem les nostres pr\u00f2pies constel\u00b7lacions!! Comprovem que les estrelles sempre hi s\u00f3n, per\u00f2 nom\u00e9s les veiem brillar a la nit.<\/span><\/span><\/p>\n<p align=\"justify\"><img loading=\"lazy\" decoding=\"async\" class=\"aligncenter size-full wp-image-1502\" src=\"https:\/\/agora.xtec.cat\/ceiprossendmontane\/wp-content\/uploads\/usu2330\/2024\/05\/i5-planeta.png\" alt=\"\" width=\"2000\" height=\"1414\" srcset=\"https:\/\/agora.xtec.cat\/ceiprossendmontane\/wp-content\/uploads\/usu2330\/2024\/05\/i5-planeta.png 2000w, https:\/\/agora.xtec.cat\/ceiprossendmontane\/wp-content\/uploads\/usu2330\/2024\/05\/i5-planeta-300x212.png 300w, https:\/\/agora.xtec.cat\/ceiprossendmontane\/wp-content\/uploads\/usu2330\/2024\/05\/i5-planeta-1024x724.png 1024w, https:\/\/agora.xtec.cat\/ceiprossendmontane\/wp-content\/uploads\/usu2330\/2024\/05\/i5-planeta-768x543.png 768w, https:\/\/agora.xtec.cat\/ceiprossendmontane\/wp-content\/uploads\/usu2330\/2024\/05\/i5-planeta-1536x1086.png 1536w\" sizes=\"auto, (max-width: 2000px) 100vw, 2000px\" \/><\/p>\n","protected":false},"excerpt":{"rendered":"<p>Els nens i nenes d\u2019I5 hem comen\u00e7at el projecte la Terra a l\u2019univers. Cada infant ha d\u2019investigar un dubte sobre el tema a casa i despr\u00e9s ho ha de compartir a l\u2019aula. Tamb\u00e9 hem fet alguns experiments per comprovar les hip\u00f2tesis que s\u2019havien plantejat: COM&hellip;  <a href=\"https:\/\/agora.xtec.cat\/ceiprossendmontane\/infantil\/la-terra-a-lunivers\/\" title=\"Read LA TERRA A L&#8217;UNIVERS\">Llegeix m\u00e9s\u00bb<\/a><\/p>\n","protected":false},"author":1,"featured_media":0,"comment_status":"closed","ping_status":"closed","sticky":false,"template":"","format":"standard","meta":{"_bbp_topic_count":0,"_bbp_reply_count":0,"_bbp_total_topic_count":0,"_bbp_total_reply_count":0,"_bbp_voice_count":0,"_bbp_anonymous_reply_count":0,"_bbp_topic_count_hidden":0,"_bbp_reply_count_hidden":0,"_bbp_forum_subforum_count":0,"footnotes":""},"categories":[9,2,4],"tags":[116,117,68,88],"class_list":["post-1501","post","type-post","status-publish","format-standard","hentry","category-i5","category-infantil","category-portada","tag-el-sol","tag-model-sol-terra","tag-equip-petits","tag-i5"],"post_mailing_queue_ids":[],"_links":{"self":[{"href":"https:\/\/agora.xtec.cat\/ceiprossendmontane\/wp-json\/wp\/v2\/posts\/1501","targetHints":{"allow":["GET"]}}],"collection":[{"href":"https:\/\/agora.xtec.cat\/ceiprossendmontane\/wp-json\/wp\/v2\/posts"}],"about":[{"href":"https:\/\/agora.xtec.cat\/ceiprossendmontane\/wp-json\/wp\/v2\/types\/post"}],"author":[{"embeddable":true,"href":"https:\/\/agora.xtec.cat\/ceiprossendmontane\/wp-json\/wp\/v2\/users\/1"}],"replies":[{"embeddable":true,"href":"https:\/\/agora.xtec.cat\/ceiprossendmontane\/wp-json\/wp\/v2\/comments?post=1501"}],"version-history":[{"count":1,"href":"https:\/\/agora.xtec.cat\/ceiprossendmontane\/wp-json\/wp\/v2\/posts\/1501\/revisions"}],"predecessor-version":[{"id":1503,"href":"https:\/\/agora.xtec.cat\/ceiprossendmontane\/wp-json\/wp\/v2\/posts\/1501\/revisions\/1503"}],"wp:attachment":[{"href":"https:\/\/agora.xtec.cat\/ceiprossendmontane\/wp-json\/wp\/v2\/media?parent=1501"}],"wp:term":[{"taxonomy":"category","embeddable":true,"href":"https:\/\/agora.xtec.cat\/ceiprossendmontane\/wp-json\/wp\/v2\/categories?post=1501"},{"taxonomy":"post_tag","embeddable":true,"href":"https:\/\/agora.xtec.cat\/ceiprossendmontane\/wp-json\/wp\/v2\/tags?post=1501"}],"curies":[{"name":"wp","href":"https:\/\/api.w.org\/{rel}","templated":true}]}}