{"id":1498,"date":"2024-05-21T16:05:27","date_gmt":"2024-05-21T14:05:27","guid":{"rendered":"https:\/\/agora.xtec.cat\/ceiprossendmontane\/?p=1498"},"modified":"2024-05-21T16:05:27","modified_gmt":"2024-05-21T14:05:27","slug":"ens-visita-una-ballarina","status":"publish","type":"post","link":"https:\/\/agora.xtec.cat\/ceiprossendmontane\/portada\/general\/ens-visita-una-ballarina\/","title":{"rendered":"ENS VISITA UNA BALLARINA"},"content":{"rendered":"<p><img loading=\"lazy\" decoding=\"async\" class=\"aligncenter  wp-image-1499\" src=\"https:\/\/agora.xtec.cat\/ceiprossendmontane\/wp-content\/uploads\/usu2330\/2024\/05\/Captura1.jpg\" alt=\"\" width=\"471\" height=\"334\" srcset=\"https:\/\/agora.xtec.cat\/ceiprossendmontane\/wp-content\/uploads\/usu2330\/2024\/05\/Captura1.jpg 655w, https:\/\/agora.xtec.cat\/ceiprossendmontane\/wp-content\/uploads\/usu2330\/2024\/05\/Captura1-300x213.jpg 300w\" sizes=\"auto, (max-width: 471px) 100vw, 471px\" \/><\/p>\n<p>&nbsp;<\/p>\n<p align=\"left\">El dimarts 7 de maig va venir a la classe dels ballarins i les ballarines la Marina Sol\u00e9, una ballarina professional.<\/p>\n<p align=\"left\">Ens va explicar els or\u00edgens de la dansa, per a qu\u00e8 serveix, ens va portar sabatilles de mitja punta i de puntes per veure com s\u00f3n i alguns dels seus tut\u00fas. Tamb\u00e9 ens va preparar una activitat de dansa creativa on a partir d\u2019unes m\u00fasiques, ens hav\u00edem de moure tal com ens sent\u00edem. Per \u00faltim, la Marina ens va ensenyar alguns dels passos m\u00e9s importants del ballet i va contestar totes les nostres preguntes.<\/p>\n<p align=\"left\">Va ser molt divertit i enriquidor que ens visitessis Marina, moltes gr\u00e0cies, torna quan vulguis!<\/p>\n","protected":false},"excerpt":{"rendered":"<p>&nbsp;<br \/>\nEl dimarts 7 de maig va venir a la classe dels ballarins i les ballarines la Marina Sol\u00e9, una ballarina professional.<br \/>\nEns va explicar els or\u00edgens de la dansa, per a qu\u00e8 serveix, ens va portar sabatilles de mitja punta i de puntes per veure com&hellip;  <a href=\"https:\/\/agora.xtec.cat\/ceiprossendmontane\/portada\/general\/ens-visita-una-ballarina\/\" title=\"Read ENS VISITA UNA BALLARINA\">Llegeix m\u00e9s\u00bb<\/a><\/p>\n","protected":false},"author":1,"featured_media":0,"comment_status":"closed","ping_status":"closed","sticky":false,"template":"","format":"standard","meta":{"_bbp_topic_count":0,"_bbp_reply_count":0,"_bbp_total_topic_count":0,"_bbp_total_reply_count":0,"_bbp_voice_count":0,"_bbp_anonymous_reply_count":0,"_bbp_topic_count_hidden":0,"_bbp_reply_count_hidden":0,"_bbp_forum_subforum_count":0,"footnotes":""},"categories":[10,1],"tags":[114],"class_list":["post-1498","post","type-post","status-publish","format-standard","hentry","category-1r","category-general","tag-equipmitjans"],"post_mailing_queue_ids":[],"_links":{"self":[{"href":"https:\/\/agora.xtec.cat\/ceiprossendmontane\/wp-json\/wp\/v2\/posts\/1498","targetHints":{"allow":["GET"]}}],"collection":[{"href":"https:\/\/agora.xtec.cat\/ceiprossendmontane\/wp-json\/wp\/v2\/posts"}],"about":[{"href":"https:\/\/agora.xtec.cat\/ceiprossendmontane\/wp-json\/wp\/v2\/types\/post"}],"author":[{"embeddable":true,"href":"https:\/\/agora.xtec.cat\/ceiprossendmontane\/wp-json\/wp\/v2\/users\/1"}],"replies":[{"embeddable":true,"href":"https:\/\/agora.xtec.cat\/ceiprossendmontane\/wp-json\/wp\/v2\/comments?post=1498"}],"version-history":[{"count":1,"href":"https:\/\/agora.xtec.cat\/ceiprossendmontane\/wp-json\/wp\/v2\/posts\/1498\/revisions"}],"predecessor-version":[{"id":1500,"href":"https:\/\/agora.xtec.cat\/ceiprossendmontane\/wp-json\/wp\/v2\/posts\/1498\/revisions\/1500"}],"wp:attachment":[{"href":"https:\/\/agora.xtec.cat\/ceiprossendmontane\/wp-json\/wp\/v2\/media?parent=1498"}],"wp:term":[{"taxonomy":"category","embeddable":true,"href":"https:\/\/agora.xtec.cat\/ceiprossendmontane\/wp-json\/wp\/v2\/categories?post=1498"},{"taxonomy":"post_tag","embeddable":true,"href":"https:\/\/agora.xtec.cat\/ceiprossendmontane\/wp-json\/wp\/v2\/tags?post=1498"}],"curies":[{"name":"wp","href":"https:\/\/api.w.org\/{rel}","templated":true}]}}