{"id":1487,"date":"2024-04-29T11:37:09","date_gmt":"2024-04-29T09:37:09","guid":{"rendered":"https:\/\/agora.xtec.cat\/ceiprossendmontane\/?p=1487"},"modified":"2024-04-29T11:37:09","modified_gmt":"2024-04-29T09:37:09","slug":"sant-jordi-2024","status":"publish","type":"post","link":"https:\/\/agora.xtec.cat\/ceiprossendmontane\/portada\/general\/sant-jordi-2024\/","title":{"rendered":"SANT JORDI 2024"},"content":{"rendered":"<p><img loading=\"lazy\" decoding=\"async\" class=\"aligncenter size-full wp-image-1488\" src=\"https:\/\/agora.xtec.cat\/ceiprossendmontane\/wp-content\/uploads\/usu2330\/2024\/04\/Captura-de-pantalla-2024-04-29-113400.png\" alt=\"\" width=\"876\" height=\"622\" srcset=\"https:\/\/agora.xtec.cat\/ceiprossendmontane\/wp-content\/uploads\/usu2330\/2024\/04\/Captura-de-pantalla-2024-04-29-113400.png 876w, https:\/\/agora.xtec.cat\/ceiprossendmontane\/wp-content\/uploads\/usu2330\/2024\/04\/Captura-de-pantalla-2024-04-29-113400-300x213.png 300w, https:\/\/agora.xtec.cat\/ceiprossendmontane\/wp-content\/uploads\/usu2330\/2024\/04\/Captura-de-pantalla-2024-04-29-113400-768x545.png 768w\" sizes=\"auto, (max-width: 876px) 100vw, 876px\" \/><\/p>\n<p><span style=\"font-weight: 400;\">Ja ha arribat el dia de <\/span><b>Sant Jordi<\/b><span style=\"font-weight: 400;\">!! Per aix\u00f2, aquests dies hem anat preparant les nostres <\/span><i><span style=\"font-weight: 400;\">il\u00b7lustracions <\/span><\/i><span style=\"font-weight: 400;\">per celebrar els <\/span><b>Jocs Florals<\/b><span style=\"font-weight: 400;\"> a l\u2019escola! Hem fet un castell que a dins, amaga els diferents personatges de la llegenda!<\/span><\/p>\n<p><span style=\"font-weight: 400;\">Durant la setmana, tamb\u00e9 hem fet un punt de llibre per emportar-nos a casa, ha vingut la Rosa Fit\u00e9 a fer una animaci\u00f3 lectora, hem vist un espectacle del bibliob\u00fas i hem explicat la llegenda de Sant Jordi i alguna altra versi\u00f3. A m\u00e9s a m\u00e9s hem gaudit moolt fent joc simb\u00f2lic amb complements de la llegenda de Sant Jordi, que b\u00e9 que ens ho hem passat aquesta setmana!!<\/span><\/p>\n<p>&nbsp;<\/p>\n","protected":false},"excerpt":{"rendered":"<p>Ja ha arribat el dia de Sant Jordi!! Per aix\u00f2, aquests dies hem anat preparant les nostres il\u00b7lustracions per celebrar els Jocs Florals a l\u2019escola! Hem fet un castell que a dins, amaga els diferents personatges de la llegenda!<br \/>\nDurant la setmana, tamb\u00e9 hem fet un&hellip;  <a href=\"https:\/\/agora.xtec.cat\/ceiprossendmontane\/portada\/general\/sant-jordi-2024\/\" title=\"Read SANT JORDI 2024\">Llegeix m\u00e9s\u00bb<\/a><\/p>\n","protected":false},"author":1,"featured_media":0,"comment_status":"closed","ping_status":"closed","sticky":false,"template":"","format":"standard","meta":{"_bbp_topic_count":0,"_bbp_reply_count":0,"_bbp_total_topic_count":0,"_bbp_total_reply_count":0,"_bbp_voice_count":0,"_bbp_anonymous_reply_count":0,"_bbp_topic_count_hidden":0,"_bbp_reply_count_hidden":0,"_bbp_forum_subforum_count":0,"footnotes":""},"categories":[1,8,2],"tags":[68,83,112,113],"class_list":["post-1487","post","type-post","status-publish","format-standard","hentry","category-general","category-i4","category-infantil","tag-equip-petits","tag-i4","tag-sant-jordi","tag-tradicions"],"post_mailing_queue_ids":[],"_links":{"self":[{"href":"https:\/\/agora.xtec.cat\/ceiprossendmontane\/wp-json\/wp\/v2\/posts\/1487","targetHints":{"allow":["GET"]}}],"collection":[{"href":"https:\/\/agora.xtec.cat\/ceiprossendmontane\/wp-json\/wp\/v2\/posts"}],"about":[{"href":"https:\/\/agora.xtec.cat\/ceiprossendmontane\/wp-json\/wp\/v2\/types\/post"}],"author":[{"embeddable":true,"href":"https:\/\/agora.xtec.cat\/ceiprossendmontane\/wp-json\/wp\/v2\/users\/1"}],"replies":[{"embeddable":true,"href":"https:\/\/agora.xtec.cat\/ceiprossendmontane\/wp-json\/wp\/v2\/comments?post=1487"}],"version-history":[{"count":1,"href":"https:\/\/agora.xtec.cat\/ceiprossendmontane\/wp-json\/wp\/v2\/posts\/1487\/revisions"}],"predecessor-version":[{"id":1489,"href":"https:\/\/agora.xtec.cat\/ceiprossendmontane\/wp-json\/wp\/v2\/posts\/1487\/revisions\/1489"}],"wp:attachment":[{"href":"https:\/\/agora.xtec.cat\/ceiprossendmontane\/wp-json\/wp\/v2\/media?parent=1487"}],"wp:term":[{"taxonomy":"category","embeddable":true,"href":"https:\/\/agora.xtec.cat\/ceiprossendmontane\/wp-json\/wp\/v2\/categories?post=1487"},{"taxonomy":"post_tag","embeddable":true,"href":"https:\/\/agora.xtec.cat\/ceiprossendmontane\/wp-json\/wp\/v2\/tags?post=1487"}],"curies":[{"name":"wp","href":"https:\/\/api.w.org\/{rel}","templated":true}]}}