{"id":1480,"date":"2024-04-15T16:06:42","date_gmt":"2024-04-15T14:06:42","guid":{"rendered":"https:\/\/agora.xtec.cat\/ceiprossendmontane\/?p=1480"},"modified":"2024-04-25T20:58:20","modified_gmt":"2024-04-25T18:58:20","slug":"projecte-emocionar-te-a-lequip-de-petits","status":"publish","type":"post","link":"https:\/\/agora.xtec.cat\/ceiprossendmontane\/infantil\/projecte-emocionar-te-a-lequip-de-petits\/","title":{"rendered":"Projecte EmocionAR-TE a l&#8217;equip de Petits!"},"content":{"rendered":"<p style=\"text-align: left;\">L&#8217;equip de Petits ha pogut gaudir d&#8217;unes sessions d&#8217;exploraci\u00f3 creativa amb la <strong>N\u00faria Ortu\u00f1o<\/strong>, <strong>artterapeuta i pedagoga creativa<\/strong>. L\u2019artter\u00e0pia \u00e9s una disciplina art\u00edstica i terap\u00e8utica, que utilitza el proc\u00e9s creatiu per contribuir a la salut i el benestar emocional, f\u00edsic i mental de les persones.<\/p>\n<p>Les sessions d\u2019artter\u00e0pia amb la N\u00faria han estat plenes de m\u00fasica, moviment, connexi\u00f3 i vincle amb el grup classe, obtenint un viatge d\u2019introspecci\u00f3 en qu\u00e8 s&#8217;han creat personatges ficticis als quals se&#8217;ls hi ha donat vida amb materials diversos.<\/p>\n<p style=\"text-align: center;\">L&#8217;equip de <strong>Petits<\/strong> ha gaudit molt d&#8217;aquesta\u00a0experi\u00e8ncia.<\/p>\n<p style=\"text-align: center;\">Aqu\u00ed us deixem un petit reportatge d&#8217;aquesta gran viv\u00e8ncia que l&#8217;hem experimentat durant el segon i tercer trimestre!<\/p>\n<p><img loading=\"lazy\" decoding=\"async\" class=\"size-full wp-image-1481 alignnone\" style=\"text-align: center;\" src=\"https:\/\/agora.xtec.cat\/ceiprossendmontane\/wp-content\/uploads\/usu2330\/2024\/04\/Nuria-Ortuno-1.png\" alt=\"\" width=\"1000\" height=\"707\" srcset=\"https:\/\/agora.xtec.cat\/ceiprossendmontane\/wp-content\/uploads\/usu2330\/2024\/04\/Nuria-Ortuno-1.png 1000w, https:\/\/agora.xtec.cat\/ceiprossendmontane\/wp-content\/uploads\/usu2330\/2024\/04\/Nuria-Ortuno-1-300x212.png 300w, https:\/\/agora.xtec.cat\/ceiprossendmontane\/wp-content\/uploads\/usu2330\/2024\/04\/Nuria-Ortuno-1-768x543.png 768w\" sizes=\"auto, (max-width: 1000px) 100vw, 1000px\" \/><\/p>\n<p>&nbsp;<\/p>\n","protected":false},"excerpt":{"rendered":"<p>L&#8217;equip de Petits ha pogut gaudir d&#8217;unes sessions d&#8217;exploraci\u00f3 creativa amb la N\u00faria Ortu\u00f1o, artterapeuta i pedagoga creativa. L\u2019artter\u00e0pia \u00e9s una disciplina art\u00edstica i terap\u00e8utica, que utilitza el proc\u00e9s creatiu per contribuir a la salut i el benestar emocional, f\u00edsic i mental de les persones.<br \/>\nLes&hellip;  <a href=\"https:\/\/agora.xtec.cat\/ceiprossendmontane\/infantil\/projecte-emocionar-te-a-lequip-de-petits\/\" title=\"Read Projecte EmocionAR-TE a l&#8217;equip de Petits!\">Llegeix m\u00e9s\u00bb<\/a><\/p>\n","protected":false},"author":1,"featured_media":0,"comment_status":"closed","ping_status":"closed","sticky":false,"template":"","format":"standard","meta":{"_bbp_topic_count":0,"_bbp_reply_count":0,"_bbp_total_topic_count":0,"_bbp_total_reply_count":0,"_bbp_voice_count":0,"_bbp_anonymous_reply_count":0,"_bbp_topic_count_hidden":0,"_bbp_reply_count_hidden":0,"_bbp_forum_subforum_count":0,"footnotes":""},"categories":[3,8,9,2,4],"tags":[94,93,68,67,77,83,88],"class_list":["post-1480","post","type-post","status-publish","format-standard","hentry","category-i3","category-i4","category-i5","category-infantil","category-portada","tag-emocionar-te","tag-emocions","tag-equip-petits","tag-fem-escola","tag-i3","tag-i4","tag-i5"],"post_mailing_queue_ids":[],"_links":{"self":[{"href":"https:\/\/agora.xtec.cat\/ceiprossendmontane\/wp-json\/wp\/v2\/posts\/1480","targetHints":{"allow":["GET"]}}],"collection":[{"href":"https:\/\/agora.xtec.cat\/ceiprossendmontane\/wp-json\/wp\/v2\/posts"}],"about":[{"href":"https:\/\/agora.xtec.cat\/ceiprossendmontane\/wp-json\/wp\/v2\/types\/post"}],"author":[{"embeddable":true,"href":"https:\/\/agora.xtec.cat\/ceiprossendmontane\/wp-json\/wp\/v2\/users\/1"}],"replies":[{"embeddable":true,"href":"https:\/\/agora.xtec.cat\/ceiprossendmontane\/wp-json\/wp\/v2\/comments?post=1480"}],"version-history":[{"count":5,"href":"https:\/\/agora.xtec.cat\/ceiprossendmontane\/wp-json\/wp\/v2\/posts\/1480\/revisions"}],"predecessor-version":[{"id":1486,"href":"https:\/\/agora.xtec.cat\/ceiprossendmontane\/wp-json\/wp\/v2\/posts\/1480\/revisions\/1486"}],"wp:attachment":[{"href":"https:\/\/agora.xtec.cat\/ceiprossendmontane\/wp-json\/wp\/v2\/media?parent=1480"}],"wp:term":[{"taxonomy":"category","embeddable":true,"href":"https:\/\/agora.xtec.cat\/ceiprossendmontane\/wp-json\/wp\/v2\/categories?post=1480"},{"taxonomy":"post_tag","embeddable":true,"href":"https:\/\/agora.xtec.cat\/ceiprossendmontane\/wp-json\/wp\/v2\/tags?post=1480"}],"curies":[{"name":"wp","href":"https:\/\/api.w.org\/{rel}","templated":true}]}}