{"id":1468,"date":"2024-04-15T11:23:11","date_gmt":"2024-04-15T09:23:11","guid":{"rendered":"https:\/\/agora.xtec.cat\/ceiprossendmontane\/?p=1468"},"modified":"2024-04-15T11:23:11","modified_gmt":"2024-04-15T09:23:11","slug":"representem-el-sistema-solar","status":"publish","type":"post","link":"https:\/\/agora.xtec.cat\/ceiprossendmontane\/portada\/general\/representem-el-sistema-solar\/","title":{"rendered":"REPRESENTEM EL SISTEMA SOLAR"},"content":{"rendered":"<p><img loading=\"lazy\" decoding=\"async\" class=\"aligncenter  wp-image-1469\" src=\"https:\/\/agora.xtec.cat\/ceiprossendmontane\/wp-content\/uploads\/usu2330\/2024\/04\/Captura222.jpg\" alt=\"\" width=\"362\" height=\"256\" srcset=\"https:\/\/agora.xtec.cat\/ceiprossendmontane\/wp-content\/uploads\/usu2330\/2024\/04\/Captura222.jpg 699w, https:\/\/agora.xtec.cat\/ceiprossendmontane\/wp-content\/uploads\/usu2330\/2024\/04\/Captura222-300x212.jpg 300w\" sizes=\"auto, (max-width: 362px) 100vw, 362px\" \/><\/p>\n<p align=\"justify\"><span style=\"color: #333333;\"><span style=\"font-family: Arial, sans-serif;\"><span style=\"font-size: small;\">Hem acabat el projecte de l\u2019Univers i hem fet una activitat que ens ha servit per adonar-nos que l\u2019Univers \u00e9s molt gran; que tant les mides dels planetes com les dist\u00e0ncies al Sol s\u00f3n molt grans, tan grans que costen d&#8217;imaginar. Ens hem plantejat si seriem capa\u00e7os de fer una <b>representaci\u00f3 a escala<\/b> de les dist\u00e0ncies i els planetes del nostre sistema solar per fer-nos-en una idea? Com ho podem fer? On?<\/span><\/span><\/span><\/p>\n<p align=\"justify\"><span style=\"color: #333333;\"><span style=\"font-family: Arial, sans-serif;\"><span style=\"font-size: small;\">Hem treballat en petits grups amb els dibuixos dels planetes i tires de paper per representar la dist\u00e0ncia de cada planeta al Sol.\u00a0<\/span><\/span><\/span><span style=\"color: #333333;\"><span style=\"font-family: Arial, sans-serif;\"><span style=\"font-size: small;\">Hem calculat que cada cent\u00edmetre de la tira de paper representa 10 milions de quil\u00f2metres. Quants cent\u00edmetres haur\u00e0 de tenir la tira de paper que representi la dist\u00e0ncia entre el Sol i Mercuri? I les dels altres planetes? <\/span><\/span><\/span><span style=\"color: #333333;\"><span style=\"font-family: Arial, sans-serif;\"><span style=\"font-size: small;\">Cada grup ha calculat quant han de mesurar les tires que necessita per representar la dist\u00e0ncia entre el Sol i el planeta que ha treballat. <\/span><\/span><\/span><span style=\"color: #333333;\"><span style=\"font-family: Arial, sans-serif;\"><span style=\"font-size: small;\">No ens imagin\u00e0vem que la grand\u00e0ria dels planetes seria tant diferent i la dist\u00e0ncia al Sol de Ur\u00e0 i Nept\u00fa fos tan gran. Ens ha sorpr\u00e8s.<\/span><\/span><\/span><\/p>\n<p align=\"justify\"><span style=\"color: #333333;\"><span style=\"font-family: Arial, sans-serif;\"><span style=\"font-size: small;\">Decidim fer una maqueta del sistema solar per explicar qu\u00e8 hem apr\u00e8s. Cada grup ha hagut de representar el sistema solar tenint en compte entre altres coses: <\/span><\/span><\/span><\/p>\n<p align=\"justify\"><span style=\"color: #333333;\"><span style=\"font-family: Arial, sans-serif;\"><span style=\"font-size: small;\">&#8211; El Sol \u00e9s molt m\u00e9s gros que tots els altres astres.<\/span><\/span><\/span><\/p>\n<p align=\"justify\"><span style=\"color: #333333;\"><span style=\"font-family: Arial, sans-serif;\"><span style=\"font-size: small;\">&#8211; Els planetes giren al voltant del Sol i que hem de representar les seves \u00f2rbites.<\/span><\/span><\/span><\/p>\n<p align=\"justify\"><span style=\"color: #333333;\"><span style=\"font-family: Arial, sans-serif;\"><span style=\"font-size: small;\">&#8211; Els vuit planetes tenen caracter\u00edstiques diferents (mida, composici\u00f3&#8230;) i que els hem de representar segons aquestes caracter\u00edstiques.<\/span><\/span><\/span><\/p>\n<p align=\"justify\"><span style=\"color: #333333;\"><span style=\"font-family: Arial, sans-serif;\"><span style=\"font-size: small;\">&#8211; Els planetes estan a dist\u00e0ncies diferents i que els hem de representar per ordre segons la dist\u00e0ncia al sol.<\/span><\/span><\/span><\/p>\n<p align=\"justify\"><span style=\"color: #333333;\"><span style=\"font-family: Arial, sans-serif;\"><span style=\"font-size: small;\">Ens han sortit unes maquetes molt xules i hem explicat a la resta de companys el proc\u00e9s de treball, els materials que hem fet servir, les dificultats amb qu\u00e8 ens hem trobat&#8230; La valoraci\u00f3 ha estat moooooolt positiva!!!<\/span><\/span><\/span><\/p>\n<p align=\"justify\">\n","protected":false},"excerpt":{"rendered":"<p>Hem acabat el projecte de l\u2019Univers i hem fet una activitat que ens ha servit per adonar-nos que l\u2019Univers \u00e9s molt gran; que tant les mides dels planetes com les dist\u00e0ncies al Sol s\u00f3n molt grans, tan grans que costen d&#8217;imaginar. Ens hem plantejat si&hellip;  <a href=\"https:\/\/agora.xtec.cat\/ceiprossendmontane\/portada\/general\/representem-el-sistema-solar\/\" title=\"Read REPRESENTEM EL SISTEMA SOLAR\">Llegeix m\u00e9s\u00bb<\/a><\/p>\n","protected":false},"author":1,"featured_media":0,"comment_status":"closed","ping_status":"closed","sticky":false,"template":"","format":"standard","meta":{"_bbp_topic_count":0,"_bbp_reply_count":0,"_bbp_total_topic_count":0,"_bbp_total_reply_count":0,"_bbp_voice_count":0,"_bbp_anonymous_reply_count":0,"_bbp_topic_count_hidden":0,"_bbp_reply_count_hidden":0,"_bbp_forum_subforum_count":0,"footnotes":""},"categories":[13,1],"tags":[78,70],"class_list":["post-1468","post","type-post","status-publish","format-standard","hentry","category-4t","category-general","tag-4t","tag-equip-grans"],"post_mailing_queue_ids":[],"_links":{"self":[{"href":"https:\/\/agora.xtec.cat\/ceiprossendmontane\/wp-json\/wp\/v2\/posts\/1468","targetHints":{"allow":["GET"]}}],"collection":[{"href":"https:\/\/agora.xtec.cat\/ceiprossendmontane\/wp-json\/wp\/v2\/posts"}],"about":[{"href":"https:\/\/agora.xtec.cat\/ceiprossendmontane\/wp-json\/wp\/v2\/types\/post"}],"author":[{"embeddable":true,"href":"https:\/\/agora.xtec.cat\/ceiprossendmontane\/wp-json\/wp\/v2\/users\/1"}],"replies":[{"embeddable":true,"href":"https:\/\/agora.xtec.cat\/ceiprossendmontane\/wp-json\/wp\/v2\/comments?post=1468"}],"version-history":[{"count":1,"href":"https:\/\/agora.xtec.cat\/ceiprossendmontane\/wp-json\/wp\/v2\/posts\/1468\/revisions"}],"predecessor-version":[{"id":1470,"href":"https:\/\/agora.xtec.cat\/ceiprossendmontane\/wp-json\/wp\/v2\/posts\/1468\/revisions\/1470"}],"wp:attachment":[{"href":"https:\/\/agora.xtec.cat\/ceiprossendmontane\/wp-json\/wp\/v2\/media?parent=1468"}],"wp:term":[{"taxonomy":"category","embeddable":true,"href":"https:\/\/agora.xtec.cat\/ceiprossendmontane\/wp-json\/wp\/v2\/categories?post=1468"},{"taxonomy":"post_tag","embeddable":true,"href":"https:\/\/agora.xtec.cat\/ceiprossendmontane\/wp-json\/wp\/v2\/tags?post=1468"}],"curies":[{"name":"wp","href":"https:\/\/api.w.org\/{rel}","templated":true}]}}