{"id":1458,"date":"2024-04-08T13:07:34","date_gmt":"2024-04-08T11:07:34","guid":{"rendered":"https:\/\/agora.xtec.cat\/ceiprossendmontane\/?p=1458"},"modified":"2024-04-08T13:10:46","modified_gmt":"2024-04-08T11:10:46","slug":"som-experts-es-de-lescola","status":"publish","type":"post","link":"https:\/\/agora.xtec.cat\/ceiprossendmontane\/portada\/general\/som-experts-es-de-lescola\/","title":{"rendered":"SOM EXPERTS\/ES DE L&#8217;ESCOLA"},"content":{"rendered":"<p><a href=\"https:\/\/drive.google.com\/file\/d\/1HKxzGO73rMfTtyi0K-u-zczSOia6n2rf\/view?usp=sharing\"><img loading=\"lazy\" decoding=\"async\" class=\"aligncenter wp-image-1459\" src=\"https:\/\/agora.xtec.cat\/ceiprossendmontane\/wp-content\/uploads\/usu2330\/2024\/04\/Captura1.jpg\" alt=\"\" width=\"593\" height=\"301\" srcset=\"https:\/\/agora.xtec.cat\/ceiprossendmontane\/wp-content\/uploads\/usu2330\/2024\/04\/Captura1.jpg 1267w, https:\/\/agora.xtec.cat\/ceiprossendmontane\/wp-content\/uploads\/usu2330\/2024\/04\/Captura1-300x152.jpg 300w, https:\/\/agora.xtec.cat\/ceiprossendmontane\/wp-content\/uploads\/usu2330\/2024\/04\/Captura1-1024x520.jpg 1024w, https:\/\/agora.xtec.cat\/ceiprossendmontane\/wp-content\/uploads\/usu2330\/2024\/04\/Captura1-768x390.jpg 768w\" sizes=\"auto, (max-width: 593px) 100vw, 593px\" \/><\/a><\/p>\n<p>&nbsp;<\/p>\n<p align=\"justify\">Els ballarins i les ballarines hem acabat d\u2019investigar la nostra escola i ens hem convertit en tot uns experts\/es. Ara ja sabem totes les persones que hi ha en una escola, els materials que es fan servir, les activitats que es duen a terme i els espais que formen el centre. Ho hem explicat tot en un v\u00eddeo per ensenyar-ho als companys, als mestres, a les fam\u00edlies i sobretot al Joaquim. Ell va ser qui ens va demanar i animar a descobrir com \u00e9s l\u2019escola ara per poder explicar-hi a ell, que va ser alumne del centre fa molts anys quan l\u2019escola era molt diferent de com \u00e9s ara.<\/p>\n<p align=\"justify\">Podeu gaudir del v\u00eddeo clicant a la imatge!<\/p>\n<p align=\"justify\">Esperem que us agradi!<\/p>\n","protected":false},"excerpt":{"rendered":"<p><a href=\"https:\/\/drive.google.com\/file\/d\/1HKxzGO73rMfTtyi0K-u-zczSOia6n2rf\/view?usp=sharing\"><\/a><br \/>\n&nbsp;<br \/>\nEls ballarins i les ballarines hem acabat d\u2019investigar la nostra escola i ens hem convertit en tot uns experts\/es. Ara ja sabem totes les persones que hi ha en una escola, els materials que es fan servir, les activitats que es duen a terme&hellip;  <a href=\"https:\/\/agora.xtec.cat\/ceiprossendmontane\/portada\/general\/som-experts-es-de-lescola\/\" title=\"Read SOM EXPERTS\/ES DE L&#8217;ESCOLA\">Llegeix m\u00e9s\u00bb<\/a><\/p>\n","protected":false},"author":1,"featured_media":0,"comment_status":"closed","ping_status":"closed","sticky":false,"template":"","format":"standard","meta":{"_bbp_topic_count":0,"_bbp_reply_count":0,"_bbp_total_topic_count":0,"_bbp_total_reply_count":0,"_bbp_voice_count":0,"_bbp_anonymous_reply_count":0,"_bbp_topic_count_hidden":0,"_bbp_reply_count_hidden":0,"_bbp_forum_subforum_count":0,"footnotes":""},"categories":[10,1],"tags":[74],"class_list":["post-1458","post","type-post","status-publish","format-standard","hentry","category-1r","category-general","tag-1r"],"post_mailing_queue_ids":[],"_links":{"self":[{"href":"https:\/\/agora.xtec.cat\/ceiprossendmontane\/wp-json\/wp\/v2\/posts\/1458","targetHints":{"allow":["GET"]}}],"collection":[{"href":"https:\/\/agora.xtec.cat\/ceiprossendmontane\/wp-json\/wp\/v2\/posts"}],"about":[{"href":"https:\/\/agora.xtec.cat\/ceiprossendmontane\/wp-json\/wp\/v2\/types\/post"}],"author":[{"embeddable":true,"href":"https:\/\/agora.xtec.cat\/ceiprossendmontane\/wp-json\/wp\/v2\/users\/1"}],"replies":[{"embeddable":true,"href":"https:\/\/agora.xtec.cat\/ceiprossendmontane\/wp-json\/wp\/v2\/comments?post=1458"}],"version-history":[{"count":4,"href":"https:\/\/agora.xtec.cat\/ceiprossendmontane\/wp-json\/wp\/v2\/posts\/1458\/revisions"}],"predecessor-version":[{"id":1463,"href":"https:\/\/agora.xtec.cat\/ceiprossendmontane\/wp-json\/wp\/v2\/posts\/1458\/revisions\/1463"}],"wp:attachment":[{"href":"https:\/\/agora.xtec.cat\/ceiprossendmontane\/wp-json\/wp\/v2\/media?parent=1458"}],"wp:term":[{"taxonomy":"category","embeddable":true,"href":"https:\/\/agora.xtec.cat\/ceiprossendmontane\/wp-json\/wp\/v2\/categories?post=1458"},{"taxonomy":"post_tag","embeddable":true,"href":"https:\/\/agora.xtec.cat\/ceiprossendmontane\/wp-json\/wp\/v2\/tags?post=1458"}],"curies":[{"name":"wp","href":"https:\/\/api.w.org\/{rel}","templated":true}]}}