{"id":1452,"date":"2024-03-18T12:12:24","date_gmt":"2024-03-18T11:12:24","guid":{"rendered":"https:\/\/agora.xtec.cat\/ceiprossendmontane\/?p=1452"},"modified":"2024-03-18T12:13:57","modified_gmt":"2024-03-18T11:13:57","slug":"pren-fruita-cada-dia","status":"publish","type":"post","link":"https:\/\/agora.xtec.cat\/ceiprossendmontane\/portada\/general\/pren-fruita-cada-dia\/","title":{"rendered":"Pren fruita cada dia"},"content":{"rendered":"<p><img loading=\"lazy\" decoding=\"async\" class=\"aligncenter wp-image-1453\" src=\"https:\/\/agora.xtec.cat\/ceiprossendmontane\/wp-content\/uploads\/usu2330\/2024\/03\/Pink-and-Green-Modern-Fruit-Bookmark-30-x-25-cm.jpg\" alt=\"\" width=\"338\" height=\"304\" srcset=\"https:\/\/agora.xtec.cat\/ceiprossendmontane\/wp-content\/uploads\/usu2330\/2024\/03\/Pink-and-Green-Modern-Fruit-Bookmark-30-x-25-cm.jpg 2000w, https:\/\/agora.xtec.cat\/ceiprossendmontane\/wp-content\/uploads\/usu2330\/2024\/03\/Pink-and-Green-Modern-Fruit-Bookmark-30-x-25-cm-300x270.jpg 300w, https:\/\/agora.xtec.cat\/ceiprossendmontane\/wp-content\/uploads\/usu2330\/2024\/03\/Pink-and-Green-Modern-Fruit-Bookmark-30-x-25-cm-1024x922.jpg 1024w, https:\/\/agora.xtec.cat\/ceiprossendmontane\/wp-content\/uploads\/usu2330\/2024\/03\/Pink-and-Green-Modern-Fruit-Bookmark-30-x-25-cm-768x691.jpg 768w, https:\/\/agora.xtec.cat\/ceiprossendmontane\/wp-content\/uploads\/usu2330\/2024\/03\/Pink-and-Green-Modern-Fruit-Bookmark-30-x-25-cm-1536x1382.jpg 1536w\" sizes=\"auto, (max-width: 338px) 100vw, 338px\" \/><\/p>\n<p>&nbsp;<\/p>\n<p align=\"justify\"><span style=\"font-family: Arial, sans-serif;\"><span style=\"font-size: small;\">Els infants d\u2019I5 han participat en el taller: pren fruita cada dia! Primer ens van explicar el conte de l\u2019hort de l\u2019Alba i despr\u00e9s vam classificar aliments per categories. <\/span><\/span><\/p>\n<p align=\"justify\"><span style=\"font-family: Arial, sans-serif;\"><span style=\"font-size: small;\">Despr\u00e9s el dinamitzador del taller ens va dir que era un cient\u00edfic i va fer dues barreges, una amb aigua i sal i l\u2019altra amb aigua i sucre. Amb els ulls tancats hav\u00edem d\u2019identificar els sabors.<\/span><\/span><\/p>\n<p align=\"justify\"><span style=\"font-family: Arial, sans-serif;\"><span style=\"font-size: small;\">D\u2019aquesta manera ens podem adonar com la llengua distingeix els diferents sabors.<\/span><\/span><\/p>\n<p align=\"justify\"><span style=\"font-family: Arial, sans-serif;\"><span style=\"font-size: small;\">Finalment ens van repartir un trosset de poma a cadasc\u00fa. MMMMM que bona! La fruita tamb\u00e9 \u00e9s dol\u00e7a i \u00e9s molt sana pel nostre cos!<\/span><\/span><\/p>\n","protected":false},"excerpt":{"rendered":"<p>&nbsp;<br \/>\nEls infants d\u2019I5 han participat en el taller: pren fruita cada dia! Primer ens van explicar el conte de l\u2019hort de l\u2019Alba i despr\u00e9s vam classificar aliments per categories.<br \/>\nDespr\u00e9s el dinamitzador del taller ens va dir que era un cient\u00edfic i va fer dues&hellip;  <a href=\"https:\/\/agora.xtec.cat\/ceiprossendmontane\/portada\/general\/pren-fruita-cada-dia\/\" title=\"Read Pren fruita cada dia\">Llegeix m\u00e9s\u00bb<\/a><\/p>\n","protected":false},"author":1,"featured_media":0,"comment_status":"closed","ping_status":"closed","sticky":false,"template":"","format":"standard","meta":{"_bbp_topic_count":0,"_bbp_reply_count":0,"_bbp_total_topic_count":0,"_bbp_total_reply_count":0,"_bbp_voice_count":0,"_bbp_anonymous_reply_count":0,"_bbp_topic_count_hidden":0,"_bbp_reply_count_hidden":0,"_bbp_forum_subforum_count":0,"footnotes":""},"categories":[1,9],"tags":[68,88],"class_list":["post-1452","post","type-post","status-publish","format-standard","hentry","category-general","category-i5","tag-equip-petits","tag-i5"],"post_mailing_queue_ids":[],"_links":{"self":[{"href":"https:\/\/agora.xtec.cat\/ceiprossendmontane\/wp-json\/wp\/v2\/posts\/1452","targetHints":{"allow":["GET"]}}],"collection":[{"href":"https:\/\/agora.xtec.cat\/ceiprossendmontane\/wp-json\/wp\/v2\/posts"}],"about":[{"href":"https:\/\/agora.xtec.cat\/ceiprossendmontane\/wp-json\/wp\/v2\/types\/post"}],"author":[{"embeddable":true,"href":"https:\/\/agora.xtec.cat\/ceiprossendmontane\/wp-json\/wp\/v2\/users\/1"}],"replies":[{"embeddable":true,"href":"https:\/\/agora.xtec.cat\/ceiprossendmontane\/wp-json\/wp\/v2\/comments?post=1452"}],"version-history":[{"count":3,"href":"https:\/\/agora.xtec.cat\/ceiprossendmontane\/wp-json\/wp\/v2\/posts\/1452\/revisions"}],"predecessor-version":[{"id":1456,"href":"https:\/\/agora.xtec.cat\/ceiprossendmontane\/wp-json\/wp\/v2\/posts\/1452\/revisions\/1456"}],"wp:attachment":[{"href":"https:\/\/agora.xtec.cat\/ceiprossendmontane\/wp-json\/wp\/v2\/media?parent=1452"}],"wp:term":[{"taxonomy":"category","embeddable":true,"href":"https:\/\/agora.xtec.cat\/ceiprossendmontane\/wp-json\/wp\/v2\/categories?post=1452"},{"taxonomy":"post_tag","embeddable":true,"href":"https:\/\/agora.xtec.cat\/ceiprossendmontane\/wp-json\/wp\/v2\/tags?post=1452"}],"curies":[{"name":"wp","href":"https:\/\/api.w.org\/{rel}","templated":true}]}}