{"id":1448,"date":"2024-03-18T11:29:12","date_gmt":"2024-03-18T10:29:12","guid":{"rendered":"https:\/\/agora.xtec.cat\/ceiprossendmontane\/?p=1448"},"modified":"2024-03-18T11:29:12","modified_gmt":"2024-03-18T10:29:12","slug":"cantania-2024","status":"publish","type":"post","link":"https:\/\/agora.xtec.cat\/ceiprossendmontane\/portada\/general\/cantania-2024\/","title":{"rendered":"CANT\u00c0NIA 2024"},"content":{"rendered":"<p><img loading=\"lazy\" decoding=\"async\" class=\"aligncenter  wp-image-1449\" src=\"https:\/\/agora.xtec.cat\/ceiprossendmontane\/wp-content\/uploads\/usu2330\/2024\/03\/Captura-1.jpg\" alt=\"\" width=\"512\" height=\"286\" srcset=\"https:\/\/agora.xtec.cat\/ceiprossendmontane\/wp-content\/uploads\/usu2330\/2024\/03\/Captura-1.jpg 847w, https:\/\/agora.xtec.cat\/ceiprossendmontane\/wp-content\/uploads\/usu2330\/2024\/03\/Captura-1-300x168.jpg 300w, https:\/\/agora.xtec.cat\/ceiprossendmontane\/wp-content\/uploads\/usu2330\/2024\/03\/Captura-1-768x429.jpg 768w\" sizes=\"auto, (max-width: 512px) 100vw, 512px\" \/><\/p>\n<p>&nbsp;<\/p>\n<p><span style=\"font-weight: 400;\">Els alumnes de 6\u00e8 portem temps assajant les can\u00e7ons de la Cant\u00e0nia \u201cEl Naufragi\u201d. El dia 16 de maig anirem, junt amb quatre escoles m\u00e9s, a cantar-la a l\u2019Auditori de Vilafranca.\u00a0<\/span><\/p>\n<p><span style=\"font-weight: 400;\">Aquesta setmana les fam\u00edlies ja han pogut comprar les seves entrades per anar-los a veure. Les que quedin, es posaran a la venta el 2 de maig a les 18:00 al Teatre Cal Bolet.<\/span><\/p>\n<p><span style=\"font-weight: 400;\">La Cant\u00e0nia \u00e9s un projecte que va n\u00e9ixer el 1990 i on hi participen desenes de milers de nens catalans i tamb\u00e9 de fora de Catalunya. Per nosaltres aquesta ser\u00e0 la sisena vegada que en formem part i estem molt il\u00b7lusionats.<\/span><\/p>\n","protected":false},"excerpt":{"rendered":"<p>&nbsp;<br \/>\nEls alumnes de 6\u00e8 portem temps assajant les can\u00e7ons de la Cant\u00e0nia \u201cEl Naufragi\u201d. El dia 16 de maig anirem, junt amb quatre escoles m\u00e9s, a cantar-la a l\u2019Auditori de Vilafranca.\u00a0<br \/>\nAquesta setmana les fam\u00edlies ja han pogut comprar les seves entrades per anar-los a veure.&hellip;  <a href=\"https:\/\/agora.xtec.cat\/ceiprossendmontane\/portada\/general\/cantania-2024\/\" title=\"Read CANT\u00c0NIA 2024\">Llegeix m\u00e9s\u00bb<\/a><\/p>\n","protected":false},"author":1,"featured_media":0,"comment_status":"closed","ping_status":"closed","sticky":false,"template":"","format":"standard","meta":{"_bbp_topic_count":0,"_bbp_reply_count":0,"_bbp_total_topic_count":0,"_bbp_total_reply_count":0,"_bbp_voice_count":0,"_bbp_anonymous_reply_count":0,"_bbp_topic_count_hidden":0,"_bbp_reply_count_hidden":0,"_bbp_forum_subforum_count":0,"footnotes":""},"categories":[15,1],"tags":[110,90,70,100],"class_list":["post-1448","post","type-post","status-publish","format-standard","hentry","category-6e","category-general","tag-cantania","tag-6e","tag-equip-grans","tag-musica"],"post_mailing_queue_ids":[],"_links":{"self":[{"href":"https:\/\/agora.xtec.cat\/ceiprossendmontane\/wp-json\/wp\/v2\/posts\/1448","targetHints":{"allow":["GET"]}}],"collection":[{"href":"https:\/\/agora.xtec.cat\/ceiprossendmontane\/wp-json\/wp\/v2\/posts"}],"about":[{"href":"https:\/\/agora.xtec.cat\/ceiprossendmontane\/wp-json\/wp\/v2\/types\/post"}],"author":[{"embeddable":true,"href":"https:\/\/agora.xtec.cat\/ceiprossendmontane\/wp-json\/wp\/v2\/users\/1"}],"replies":[{"embeddable":true,"href":"https:\/\/agora.xtec.cat\/ceiprossendmontane\/wp-json\/wp\/v2\/comments?post=1448"}],"version-history":[{"count":1,"href":"https:\/\/agora.xtec.cat\/ceiprossendmontane\/wp-json\/wp\/v2\/posts\/1448\/revisions"}],"predecessor-version":[{"id":1450,"href":"https:\/\/agora.xtec.cat\/ceiprossendmontane\/wp-json\/wp\/v2\/posts\/1448\/revisions\/1450"}],"wp:attachment":[{"href":"https:\/\/agora.xtec.cat\/ceiprossendmontane\/wp-json\/wp\/v2\/media?parent=1448"}],"wp:term":[{"taxonomy":"category","embeddable":true,"href":"https:\/\/agora.xtec.cat\/ceiprossendmontane\/wp-json\/wp\/v2\/categories?post=1448"},{"taxonomy":"post_tag","embeddable":true,"href":"https:\/\/agora.xtec.cat\/ceiprossendmontane\/wp-json\/wp\/v2\/tags?post=1448"}],"curies":[{"name":"wp","href":"https:\/\/api.w.org\/{rel}","templated":true}]}}