{"id":1443,"date":"2024-03-14T11:39:22","date_gmt":"2024-03-14T10:39:22","guid":{"rendered":"https:\/\/agora.xtec.cat\/ceiprossendmontane\/?p=1443"},"modified":"2024-03-14T11:39:55","modified_gmt":"2024-03-14T10:39:55","slug":"fem-entrepans","status":"publish","type":"post","link":"https:\/\/agora.xtec.cat\/ceiprossendmontane\/portada\/general\/fem-entrepans\/","title":{"rendered":"FEM ENTREPANS!"},"content":{"rendered":"<p><img loading=\"lazy\" decoding=\"async\" class=\"aligncenter wp-image-1444\" src=\"https:\/\/agora.xtec.cat\/ceiprossendmontane\/wp-content\/uploads\/usu2330\/2024\/03\/ee.jpg\" alt=\"\" width=\"492\" height=\"375\" srcset=\"https:\/\/agora.xtec.cat\/ceiprossendmontane\/wp-content\/uploads\/usu2330\/2024\/03\/ee.jpg 784w, https:\/\/agora.xtec.cat\/ceiprossendmontane\/wp-content\/uploads\/usu2330\/2024\/03\/ee-300x229.jpg 300w, https:\/\/agora.xtec.cat\/ceiprossendmontane\/wp-content\/uploads\/usu2330\/2024\/03\/ee-768x586.jpg 768w\" sizes=\"auto, (max-width: 492px) 100vw, 492px\" \/><\/p>\n<p>&nbsp;<\/p>\n<p align=\"justify\">Ja ha arribat el dia de menjar un entrep\u00e0 fet per nosaltres!!<\/p>\n<p align=\"justify\">Tal com us vam explicar, des del Projecte d\u2019Entrepans, vol\u00edem fer els entrepans als nostres companys\/es d\u2019aula. Per\u00f2 abans de fer-los hav\u00edem de preparar moltes coses!!<\/p>\n<ul>\n<li>\n<p align=\"justify\">Decidir per quin grup comen\u00e7\u00e0vem. (Van sortir els nens i nenes de 4t)<\/p>\n<\/li>\n<\/ul>\n<ul>\n<li>\n<p align=\"justify\">Fer la llista dels alumnes.<\/p>\n<\/li>\n<li>\n<p align=\"justify\">Fer la carta per les fam\u00edlies, explicant el procediment.<\/p>\n<\/li>\n<li>\n<p align=\"justify\">Preparar una exposici\u00f3 oral pels companys i companyes.<\/p>\n<\/li>\n<li>\n<p align=\"justify\">Pensar quins embotits pod\u00edem oferir.<\/p>\n<\/li>\n<li>\n<p align=\"justify\">Fer els cartells que penjar\u00edem a l\u2019aula.<\/p>\n<\/li>\n<li>\n<p align=\"justify\">Fer l\u2019exposici\u00f3 oral davant dels infants.<\/p>\n<\/li>\n<\/ul>\n<p align=\"justify\">Despr\u00e9s de totes aquestes feines ja vam poder anar a preguntar als infants quin entrep\u00e0 volien i l&#8217;endem\u00e0 vam anar a comprar els ingredients, vam preparar els entrepans i els vam repartir.<\/p>\n<p align=\"justify\">Van sortir bon\u00edssims!!<\/p>\n<p align=\"justify\">Molt bona feina!!<\/p>\n<p align=\"justify\">Qui ser\u00e0 el pr\u00f2xim grup?<\/p>\n","protected":false},"excerpt":{"rendered":"<p>&nbsp;<br \/>\nJa ha arribat el dia de menjar un entrep\u00e0 fet per nosaltres!!<br \/>\nTal com us vam explicar, des del Projecte d\u2019Entrepans, vol\u00edem fer els entrepans als nostres companys\/es d\u2019aula. Per\u00f2 abans de fer-los hav\u00edem de preparar moltes coses!!<\/p>\n<ul>\n<li>\nDecidir per quin grup comen\u00e7\u00e0vem. (Van sortir els nens&hellip;  <a href=\"https:\/\/agora.xtec.cat\/ceiprossendmontane\/portada\/general\/fem-entrepans\/\" title=\"Read FEM ENTREPANS!\">Llegeix m\u00e9s\u00bb<\/a><\/p>\n","protected":false},"author":1,"featured_media":0,"comment_status":"closed","ping_status":"closed","sticky":false,"template":"","format":"standard","meta":{"_bbp_topic_count":0,"_bbp_reply_count":0,"_bbp_total_topic_count":0,"_bbp_total_reply_count":0,"_bbp_voice_count":0,"_bbp_anonymous_reply_count":0,"_bbp_topic_count_hidden":0,"_bbp_reply_count_hidden":0,"_bbp_forum_subforum_count":0,"footnotes":""},"categories":[1],"tags":[97],"class_list":["post-1443","post","type-post","status-publish","format-standard","hentry","category-general","tag-educacio-especial"],"post_mailing_queue_ids":[],"_links":{"self":[{"href":"https:\/\/agora.xtec.cat\/ceiprossendmontane\/wp-json\/wp\/v2\/posts\/1443","targetHints":{"allow":["GET"]}}],"collection":[{"href":"https:\/\/agora.xtec.cat\/ceiprossendmontane\/wp-json\/wp\/v2\/posts"}],"about":[{"href":"https:\/\/agora.xtec.cat\/ceiprossendmontane\/wp-json\/wp\/v2\/types\/post"}],"author":[{"embeddable":true,"href":"https:\/\/agora.xtec.cat\/ceiprossendmontane\/wp-json\/wp\/v2\/users\/1"}],"replies":[{"embeddable":true,"href":"https:\/\/agora.xtec.cat\/ceiprossendmontane\/wp-json\/wp\/v2\/comments?post=1443"}],"version-history":[{"count":3,"href":"https:\/\/agora.xtec.cat\/ceiprossendmontane\/wp-json\/wp\/v2\/posts\/1443\/revisions"}],"predecessor-version":[{"id":1447,"href":"https:\/\/agora.xtec.cat\/ceiprossendmontane\/wp-json\/wp\/v2\/posts\/1443\/revisions\/1447"}],"wp:attachment":[{"href":"https:\/\/agora.xtec.cat\/ceiprossendmontane\/wp-json\/wp\/v2\/media?parent=1443"}],"wp:term":[{"taxonomy":"category","embeddable":true,"href":"https:\/\/agora.xtec.cat\/ceiprossendmontane\/wp-json\/wp\/v2\/categories?post=1443"},{"taxonomy":"post_tag","embeddable":true,"href":"https:\/\/agora.xtec.cat\/ceiprossendmontane\/wp-json\/wp\/v2\/tags?post=1443"}],"curies":[{"name":"wp","href":"https:\/\/api.w.org\/{rel}","templated":true}]}}