{"id":1440,"date":"2024-03-14T11:37:35","date_gmt":"2024-03-14T10:37:35","guid":{"rendered":"https:\/\/agora.xtec.cat\/ceiprossendmontane\/?p=1440"},"modified":"2024-03-14T11:37:35","modified_gmt":"2024-03-14T10:37:35","slug":"suport-vital-basic-svb","status":"publish","type":"post","link":"https:\/\/agora.xtec.cat\/ceiprossendmontane\/portada\/general\/suport-vital-basic-svb\/","title":{"rendered":"Suport Vital B\u00e0sic (SVB)"},"content":{"rendered":"<p><img loading=\"lazy\" decoding=\"async\" class=\"aligncenter  wp-image-1441\" src=\"https:\/\/agora.xtec.cat\/ceiprossendmontane\/wp-content\/uploads\/usu2330\/2024\/03\/ef.jpg\" alt=\"\" width=\"446\" height=\"356\" srcset=\"https:\/\/agora.xtec.cat\/ceiprossendmontane\/wp-content\/uploads\/usu2330\/2024\/03\/ef.jpg 875w, https:\/\/agora.xtec.cat\/ceiprossendmontane\/wp-content\/uploads\/usu2330\/2024\/03\/ef-300x239.jpg 300w, https:\/\/agora.xtec.cat\/ceiprossendmontane\/wp-content\/uploads\/usu2330\/2024\/03\/ef-768x612.jpg 768w\" sizes=\"auto, (max-width: 446px) 100vw, 446px\" \/><\/p>\n<p align=\"left\">\n<p align=\"left\">Conscients de la import\u00e0ncia de tenir uns coneixements sobre el Suport Vital B\u00e0sic (SVB) com a ciutadans de present i futur, a l\u2019escola seguim formant-nos (alumnat i mestres) per a saber reaccionar davant alguna situaci\u00f3 d\u2019emerg\u00e8ncia.<\/p>\n<p align=\"left\">Durant aquestes tres \u00faltimes setmanes, l\u2019alumnat des de 1r fins a 6\u00e8, est\u00e0 aprenent, recordant i ampliant les t\u00e8cniques, coneixements i habilitats relacionades amb el SVB i expressions com per exemple: \u201cm\u00e9s val fer que no fer\u201d, \u201cel 112\u201d, practicar una \u201cRCP\u201d, col\u00b7locar una v\u00edctima en \u201cPLS\u201d, o con\u00e8ixer el funcionament d\u2019un \u201cDEA\u201d, va formant part del seu bagatge.<\/p>\n<p align=\"left\">Aix\u00ed doncs, l\u2019alumnat del Rossend Montan\u00e9 est\u00e0 preparat per contribuir a augmentar la superviv\u00e8ncia del nostre entorn.<\/p>\n","protected":false},"excerpt":{"rendered":"<p>Conscients de la import\u00e0ncia de tenir uns coneixements sobre el Suport Vital B\u00e0sic (SVB) com a ciutadans de present i futur, a l\u2019escola seguim formant-nos (alumnat i mestres) per a saber reaccionar davant alguna situaci\u00f3 d\u2019emerg\u00e8ncia.<br \/>\nDurant aquestes tres \u00faltimes setmanes, l\u2019alumnat des de 1r fins&hellip;  <a href=\"https:\/\/agora.xtec.cat\/ceiprossendmontane\/portada\/general\/suport-vital-basic-svb\/\" title=\"Read Suport Vital B\u00e0sic (SVB)\">Llegeix m\u00e9s\u00bb<\/a><\/p>\n","protected":false},"author":1,"featured_media":0,"comment_status":"closed","ping_status":"closed","sticky":false,"template":"","format":"standard","meta":{"_bbp_topic_count":0,"_bbp_reply_count":0,"_bbp_total_topic_count":0,"_bbp_total_reply_count":0,"_bbp_voice_count":0,"_bbp_anonymous_reply_count":0,"_bbp_topic_count_hidden":0,"_bbp_reply_count_hidden":0,"_bbp_forum_subforum_count":0,"footnotes":""},"categories":[10,1],"tags":[96],"class_list":["post-1440","post","type-post","status-publish","format-standard","hentry","category-1r","category-general","tag-educacio-fisica"],"post_mailing_queue_ids":[],"_links":{"self":[{"href":"https:\/\/agora.xtec.cat\/ceiprossendmontane\/wp-json\/wp\/v2\/posts\/1440","targetHints":{"allow":["GET"]}}],"collection":[{"href":"https:\/\/agora.xtec.cat\/ceiprossendmontane\/wp-json\/wp\/v2\/posts"}],"about":[{"href":"https:\/\/agora.xtec.cat\/ceiprossendmontane\/wp-json\/wp\/v2\/types\/post"}],"author":[{"embeddable":true,"href":"https:\/\/agora.xtec.cat\/ceiprossendmontane\/wp-json\/wp\/v2\/users\/1"}],"replies":[{"embeddable":true,"href":"https:\/\/agora.xtec.cat\/ceiprossendmontane\/wp-json\/wp\/v2\/comments?post=1440"}],"version-history":[{"count":1,"href":"https:\/\/agora.xtec.cat\/ceiprossendmontane\/wp-json\/wp\/v2\/posts\/1440\/revisions"}],"predecessor-version":[{"id":1442,"href":"https:\/\/agora.xtec.cat\/ceiprossendmontane\/wp-json\/wp\/v2\/posts\/1440\/revisions\/1442"}],"wp:attachment":[{"href":"https:\/\/agora.xtec.cat\/ceiprossendmontane\/wp-json\/wp\/v2\/media?parent=1440"}],"wp:term":[{"taxonomy":"category","embeddable":true,"href":"https:\/\/agora.xtec.cat\/ceiprossendmontane\/wp-json\/wp\/v2\/categories?post=1440"},{"taxonomy":"post_tag","embeddable":true,"href":"https:\/\/agora.xtec.cat\/ceiprossendmontane\/wp-json\/wp\/v2\/tags?post=1440"}],"curies":[{"name":"wp","href":"https:\/\/api.w.org\/{rel}","templated":true}]}}