{"id":1437,"date":"2024-03-14T11:35:30","date_gmt":"2024-03-14T10:35:30","guid":{"rendered":"https:\/\/agora.xtec.cat\/ceiprossendmontane\/?p=1437"},"modified":"2024-03-14T11:35:30","modified_gmt":"2024-03-14T10:35:30","slug":"treball-cooperatiu-a-6e","status":"publish","type":"post","link":"https:\/\/agora.xtec.cat\/ceiprossendmontane\/portada\/general\/treball-cooperatiu-a-6e\/","title":{"rendered":"TREBALL COOPERATIU A 6\u00e8"},"content":{"rendered":"<p align=\"justify\"><img loading=\"lazy\" decoding=\"async\" class=\"aligncenter  wp-image-1438\" src=\"https:\/\/agora.xtec.cat\/ceiprossendmontane\/wp-content\/uploads\/usu2330\/2024\/03\/6e.jpg\" alt=\"\" width=\"453\" height=\"318\" srcset=\"https:\/\/agora.xtec.cat\/ceiprossendmontane\/wp-content\/uploads\/usu2330\/2024\/03\/6e.jpg 873w, https:\/\/agora.xtec.cat\/ceiprossendmontane\/wp-content\/uploads\/usu2330\/2024\/03\/6e-300x210.jpg 300w, https:\/\/agora.xtec.cat\/ceiprossendmontane\/wp-content\/uploads\/usu2330\/2024\/03\/6e-768x538.jpg 768w\" sizes=\"auto, (max-width: 453px) 100vw, 453px\" \/><\/p>\n<p align=\"justify\">\n<p align=\"justify\">A una de les sessions de tutoria i valors hem treballat l\u2019amistat, el respecte i la pluralitat a trav\u00e9s de dues activitats ben diferents, per\u00f2 amb un mateix objectiu, que \u00e9s que els alumnes de 6\u00e8 facin una bona pi\u00f1a en aquest \u00faltim any d\u2019estan\u00e7a a l\u2019escola.<\/p>\n<p align=\"justify\">La primera activitat va ser projectar i llegir una presentaci\u00f3 on s\u2019explicava la hist\u00f2ria d\u2019un personatge que, amb la seva actitud, feia mal a persones que tenia al seu voltant i com ho va solucionar.<\/p>\n<p align=\"justify\">La segona activitat va consistir en dibuixar un cam\u00ed amb un llapis que tenia molts fils. Cada alumne havia d\u2019agafar un fil i entre tots ho van aconseguir!<\/p>\n<p align=\"justify\">Tots som important, tots sumem!!<\/p>\n","protected":false},"excerpt":{"rendered":"<p>A una de les sessions de tutoria i valors hem treballat l\u2019amistat, el respecte i la pluralitat a trav\u00e9s de dues activitats ben diferents, per\u00f2 amb un mateix objectiu, que \u00e9s que els alumnes de 6\u00e8 facin una bona pi\u00f1a en aquest \u00faltim any d\u2019estan\u00e7a&hellip;  <a href=\"https:\/\/agora.xtec.cat\/ceiprossendmontane\/portada\/general\/treball-cooperatiu-a-6e\/\" title=\"Read TREBALL COOPERATIU A 6\u00e8\">Llegeix m\u00e9s\u00bb<\/a><\/p>\n","protected":false},"author":1,"featured_media":0,"comment_status":"closed","ping_status":"closed","sticky":false,"template":"","format":"standard","meta":{"_bbp_topic_count":0,"_bbp_reply_count":0,"_bbp_total_topic_count":0,"_bbp_total_reply_count":0,"_bbp_voice_count":0,"_bbp_anonymous_reply_count":0,"_bbp_topic_count_hidden":0,"_bbp_reply_count_hidden":0,"_bbp_forum_subforum_count":0,"footnotes":""},"categories":[15,1],"tags":[90,70],"class_list":["post-1437","post","type-post","status-publish","format-standard","hentry","category-6e","category-general","tag-6e","tag-equip-grans"],"post_mailing_queue_ids":[],"_links":{"self":[{"href":"https:\/\/agora.xtec.cat\/ceiprossendmontane\/wp-json\/wp\/v2\/posts\/1437","targetHints":{"allow":["GET"]}}],"collection":[{"href":"https:\/\/agora.xtec.cat\/ceiprossendmontane\/wp-json\/wp\/v2\/posts"}],"about":[{"href":"https:\/\/agora.xtec.cat\/ceiprossendmontane\/wp-json\/wp\/v2\/types\/post"}],"author":[{"embeddable":true,"href":"https:\/\/agora.xtec.cat\/ceiprossendmontane\/wp-json\/wp\/v2\/users\/1"}],"replies":[{"embeddable":true,"href":"https:\/\/agora.xtec.cat\/ceiprossendmontane\/wp-json\/wp\/v2\/comments?post=1437"}],"version-history":[{"count":1,"href":"https:\/\/agora.xtec.cat\/ceiprossendmontane\/wp-json\/wp\/v2\/posts\/1437\/revisions"}],"predecessor-version":[{"id":1439,"href":"https:\/\/agora.xtec.cat\/ceiprossendmontane\/wp-json\/wp\/v2\/posts\/1437\/revisions\/1439"}],"wp:attachment":[{"href":"https:\/\/agora.xtec.cat\/ceiprossendmontane\/wp-json\/wp\/v2\/media?parent=1437"}],"wp:term":[{"taxonomy":"category","embeddable":true,"href":"https:\/\/agora.xtec.cat\/ceiprossendmontane\/wp-json\/wp\/v2\/categories?post=1437"},{"taxonomy":"post_tag","embeddable":true,"href":"https:\/\/agora.xtec.cat\/ceiprossendmontane\/wp-json\/wp\/v2\/tags?post=1437"}],"curies":[{"name":"wp","href":"https:\/\/api.w.org\/{rel}","templated":true}]}}