{"id":1423,"date":"2024-03-11T12:27:30","date_gmt":"2024-03-11T11:27:30","guid":{"rendered":"https:\/\/agora.xtec.cat\/ceiprossendmontane\/?p=1423"},"modified":"2024-03-11T12:28:58","modified_gmt":"2024-03-11T11:28:58","slug":"fem-descultors","status":"publish","type":"post","link":"https:\/\/agora.xtec.cat\/ceiprossendmontane\/portada\/general\/fem-descultors\/","title":{"rendered":"FEM D&#8217;ESCULTORS!"},"content":{"rendered":"<p><a href=\"https:\/\/drive.google.com\/file\/d\/1_ZGy92uh5X6JywsZBjxHUMW_7yu8UDrT\/view?usp=drive_link\"><img loading=\"lazy\" decoding=\"async\" class=\"aligncenter wp-image-1424\" src=\"https:\/\/agora.xtec.cat\/ceiprossendmontane\/wp-content\/uploads\/usu2330\/2024\/03\/Portada-video.jpg\" alt=\"\" width=\"444\" height=\"250\" srcset=\"https:\/\/agora.xtec.cat\/ceiprossendmontane\/wp-content\/uploads\/usu2330\/2024\/03\/Portada-video.jpg 1920w, https:\/\/agora.xtec.cat\/ceiprossendmontane\/wp-content\/uploads\/usu2330\/2024\/03\/Portada-video-300x169.jpg 300w, https:\/\/agora.xtec.cat\/ceiprossendmontane\/wp-content\/uploads\/usu2330\/2024\/03\/Portada-video-1024x576.jpg 1024w, https:\/\/agora.xtec.cat\/ceiprossendmontane\/wp-content\/uploads\/usu2330\/2024\/03\/Portada-video-768x432.jpg 768w, https:\/\/agora.xtec.cat\/ceiprossendmontane\/wp-content\/uploads\/usu2330\/2024\/03\/Portada-video-1536x864.jpg 1536w\" sizes=\"auto, (max-width: 444px) 100vw, 444px\" \/><\/a><\/p>\n<p>&nbsp;<\/p>\n<p style=\"text-align: left;\"><span style=\"font-weight: 400;\">Els i les alumnes de 2n hem fet d\u2019escultors i models! Dins del projecte de medi \u201cSom Artistes\u201d estem descobrint diferents representacions art\u00edstiques, una d\u2019elles l\u2019escultura. <\/span><\/p>\n<p style=\"text-align: left;\"><span style=\"font-weight: 400;\">En diferents sessions i per parelles hem fet amb fang a un company, companya o mestra de l\u2019aula. Un membre de la parella feia de model i l\u2019altre d\u2019escultor i viceversa! Per acabar, hem omplert les nostres escultures de color! <\/span><\/p>\n<p style=\"text-align: left;\"><span style=\"font-weight: 400;\">Ens ho hem passat d\u2019all\u00f2 m\u00e9s b\u00e9! Si ho voleu veure cliqueu a la imatge!<\/span><\/p>\n<p>&nbsp;<\/p>\n<p>&nbsp;<\/p>\n<p>&nbsp;<\/p>\n","protected":false},"excerpt":{"rendered":"<p><a href=\"https:\/\/drive.google.com\/file\/d\/1_ZGy92uh5X6JywsZBjxHUMW_7yu8UDrT\/view?usp=drive_link\"><\/a><br \/>\n&nbsp;<br \/>\nEls i les alumnes de 2n hem fet d\u2019escultors i models! Dins del projecte de medi \u201cSom Artistes\u201d estem descobrint diferents representacions art\u00edstiques, una d\u2019elles l\u2019escultura.<br \/>\nEn diferents sessions i per parelles hem fet amb fang a un company, companya o mestra de l\u2019aula.&hellip;  <a href=\"https:\/\/agora.xtec.cat\/ceiprossendmontane\/portada\/general\/fem-descultors\/\" title=\"Read FEM D&#8217;ESCULTORS!\">Llegeix m\u00e9s\u00bb<\/a><\/p>\n","protected":false},"author":1,"featured_media":0,"comment_status":"closed","ping_status":"closed","sticky":false,"template":"","format":"standard","meta":{"_bbp_topic_count":0,"_bbp_reply_count":0,"_bbp_total_topic_count":0,"_bbp_total_reply_count":0,"_bbp_voice_count":0,"_bbp_anonymous_reply_count":0,"_bbp_topic_count_hidden":0,"_bbp_reply_count_hidden":0,"_bbp_forum_subforum_count":0,"footnotes":""},"categories":[11,1],"tags":[79,69],"class_list":["post-1423","post","type-post","status-publish","format-standard","hentry","category-2n","category-general","tag-2n","tag-equip-mitjans"],"post_mailing_queue_ids":[],"_links":{"self":[{"href":"https:\/\/agora.xtec.cat\/ceiprossendmontane\/wp-json\/wp\/v2\/posts\/1423","targetHints":{"allow":["GET"]}}],"collection":[{"href":"https:\/\/agora.xtec.cat\/ceiprossendmontane\/wp-json\/wp\/v2\/posts"}],"about":[{"href":"https:\/\/agora.xtec.cat\/ceiprossendmontane\/wp-json\/wp\/v2\/types\/post"}],"author":[{"embeddable":true,"href":"https:\/\/agora.xtec.cat\/ceiprossendmontane\/wp-json\/wp\/v2\/users\/1"}],"replies":[{"embeddable":true,"href":"https:\/\/agora.xtec.cat\/ceiprossendmontane\/wp-json\/wp\/v2\/comments?post=1423"}],"version-history":[{"count":3,"href":"https:\/\/agora.xtec.cat\/ceiprossendmontane\/wp-json\/wp\/v2\/posts\/1423\/revisions"}],"predecessor-version":[{"id":1427,"href":"https:\/\/agora.xtec.cat\/ceiprossendmontane\/wp-json\/wp\/v2\/posts\/1423\/revisions\/1427"}],"wp:attachment":[{"href":"https:\/\/agora.xtec.cat\/ceiprossendmontane\/wp-json\/wp\/v2\/media?parent=1423"}],"wp:term":[{"taxonomy":"category","embeddable":true,"href":"https:\/\/agora.xtec.cat\/ceiprossendmontane\/wp-json\/wp\/v2\/categories?post=1423"},{"taxonomy":"post_tag","embeddable":true,"href":"https:\/\/agora.xtec.cat\/ceiprossendmontane\/wp-json\/wp\/v2\/tags?post=1423"}],"curies":[{"name":"wp","href":"https:\/\/api.w.org\/{rel}","templated":true}]}}