{"id":1409,"date":"2024-03-05T09:48:04","date_gmt":"2024-03-05T08:48:04","guid":{"rendered":"https:\/\/agora.xtec.cat\/ceiprossendmontane\/?p=1409"},"modified":"2024-03-05T12:46:03","modified_gmt":"2024-03-05T11:46:03","slug":"nou-repte-de-5e-campanya-de-donacio-de-sang-a-lescola","status":"publish","type":"post","link":"https:\/\/agora.xtec.cat\/ceiprossendmontane\/portada\/general\/nou-repte-de-5e-campanya-de-donacio-de-sang-a-lescola\/","title":{"rendered":"NOU REPTE DE 5\u00c8! CAMPANYA DE DONACI\u00d3 DE SANG A L&#8217;ESCOLA!"},"content":{"rendered":"<p><img loading=\"lazy\" decoding=\"async\" class=\"aligncenter size-full wp-image-1410\" src=\"https:\/\/agora.xtec.cat\/ceiprossendmontane\/wp-content\/uploads\/usu2330\/2024\/03\/DONA-SANG.png\" alt=\"\" width=\"656\" height=\"456\" srcset=\"https:\/\/agora.xtec.cat\/ceiprossendmontane\/wp-content\/uploads\/usu2330\/2024\/03\/DONA-SANG.png 656w, https:\/\/agora.xtec.cat\/ceiprossendmontane\/wp-content\/uploads\/usu2330\/2024\/03\/DONA-SANG-300x209.png 300w\" sizes=\"auto, (max-width: 656px) 100vw, 656px\" \/><\/p>\n<p style=\"text-align: center;\"><b>ATENCI\u00d3!<\/b><span style=\"font-weight: 400;\"> 5\u00e8 estem preparant amb molta for\u00e7a i il\u00b7lusi\u00f3 una campanya de donaci\u00f3 de sang tot col\u00b7laborant, aix\u00ed, amb el Banc de Sang i Teixits.<\/span><\/p>\n<p style=\"text-align: center;\"><span style=\"font-weight: 400;\">Ja hem fet els cartells, fulletons i\u2026 pensant el millor obsequi pels donants. Estigueu alerta que tamb\u00e9 sortirem als diaris i setmanaris m\u00e9s importants de la comarca!<\/span><\/p>\n<p style=\"text-align: center;\"><b>Ep!<\/b><span style=\"font-weight: 400;\"> No us ho penseu dues vegades, el <\/span><b>dia 9 d\u2019abril<\/b><span style=\"font-weight: 400;\"> a la tarda us esperem a tots i a totes a l\u2019escola!<\/span><\/p>\n","protected":false},"excerpt":{"rendered":"<p>ATENCI\u00d3! 5\u00e8 estem preparant amb molta for\u00e7a i il\u00b7lusi\u00f3 una campanya de donaci\u00f3 de sang tot col\u00b7laborant, aix\u00ed, amb el Banc de Sang i Teixits.<br \/>\nJa hem fet els cartells, fulletons i\u2026 pensant el millor obsequi pels donants. Estigueu alerta que tamb\u00e9 sortirem als diaris i&hellip;  <a href=\"https:\/\/agora.xtec.cat\/ceiprossendmontane\/portada\/general\/nou-repte-de-5e-campanya-de-donacio-de-sang-a-lescola\/\" title=\"Read NOU REPTE DE 5\u00c8! CAMPANYA DE DONACI\u00d3 DE SANG A L&#8217;ESCOLA!\">Llegeix m\u00e9s\u00bb<\/a><\/p>\n","protected":false},"author":1,"featured_media":0,"comment_status":"closed","ping_status":"closed","sticky":false,"template":"","format":"standard","meta":{"_bbp_topic_count":0,"_bbp_reply_count":0,"_bbp_total_topic_count":0,"_bbp_total_reply_count":0,"_bbp_voice_count":0,"_bbp_anonymous_reply_count":0,"_bbp_topic_count_hidden":0,"_bbp_reply_count_hidden":0,"_bbp_forum_subforum_count":0,"footnotes":""},"categories":[14,7,1,4,5],"tags":[85,109,70,67,91],"class_list":["post-1409","post","type-post","status-publish","format-standard","hentry","category-5e","category-afa","category-general","category-portada","category-primaria","tag-5e","tag-campanya-donacio-de-sang","tag-equip-grans","tag-fem-escola","tag-som-solidaris"],"post_mailing_queue_ids":[],"_links":{"self":[{"href":"https:\/\/agora.xtec.cat\/ceiprossendmontane\/wp-json\/wp\/v2\/posts\/1409","targetHints":{"allow":["GET"]}}],"collection":[{"href":"https:\/\/agora.xtec.cat\/ceiprossendmontane\/wp-json\/wp\/v2\/posts"}],"about":[{"href":"https:\/\/agora.xtec.cat\/ceiprossendmontane\/wp-json\/wp\/v2\/types\/post"}],"author":[{"embeddable":true,"href":"https:\/\/agora.xtec.cat\/ceiprossendmontane\/wp-json\/wp\/v2\/users\/1"}],"replies":[{"embeddable":true,"href":"https:\/\/agora.xtec.cat\/ceiprossendmontane\/wp-json\/wp\/v2\/comments?post=1409"}],"version-history":[{"count":1,"href":"https:\/\/agora.xtec.cat\/ceiprossendmontane\/wp-json\/wp\/v2\/posts\/1409\/revisions"}],"predecessor-version":[{"id":1411,"href":"https:\/\/agora.xtec.cat\/ceiprossendmontane\/wp-json\/wp\/v2\/posts\/1409\/revisions\/1411"}],"wp:attachment":[{"href":"https:\/\/agora.xtec.cat\/ceiprossendmontane\/wp-json\/wp\/v2\/media?parent=1409"}],"wp:term":[{"taxonomy":"category","embeddable":true,"href":"https:\/\/agora.xtec.cat\/ceiprossendmontane\/wp-json\/wp\/v2\/categories?post=1409"},{"taxonomy":"post_tag","embeddable":true,"href":"https:\/\/agora.xtec.cat\/ceiprossendmontane\/wp-json\/wp\/v2\/tags?post=1409"}],"curies":[{"name":"wp","href":"https:\/\/api.w.org\/{rel}","templated":true}]}}