{"id":1394,"date":"2024-02-22T14:00:27","date_gmt":"2024-02-22T13:00:27","guid":{"rendered":"https:\/\/agora.xtec.cat\/ceiprossendmontane\/?p=1394"},"modified":"2024-02-27T11:05:43","modified_gmt":"2024-02-27T10:05:43","slug":"titelles-que-esteu-fent","status":"publish","type":"post","link":"https:\/\/agora.xtec.cat\/ceiprossendmontane\/infantil\/titelles-que-esteu-fent\/","title":{"rendered":"TITELLES&#8230; QU\u00c8 ESTEU FENT?"},"content":{"rendered":"<p><img loading=\"lazy\" decoding=\"async\" class=\"aligncenter size-full wp-image-1395\" src=\"https:\/\/agora.xtec.cat\/ceiprossendmontane\/wp-content\/uploads\/usu2330\/2024\/02\/1.png\" alt=\"\" width=\"1000\" height=\"707\" srcset=\"https:\/\/agora.xtec.cat\/ceiprossendmontane\/wp-content\/uploads\/usu2330\/2024\/02\/1.png 1000w, https:\/\/agora.xtec.cat\/ceiprossendmontane\/wp-content\/uploads\/usu2330\/2024\/02\/1-300x212.png 300w, https:\/\/agora.xtec.cat\/ceiprossendmontane\/wp-content\/uploads\/usu2330\/2024\/02\/1-768x543.png 768w\" sizes=\"auto, (max-width: 1000px) 100vw, 1000px\" \/> <img loading=\"lazy\" decoding=\"async\" class=\"aligncenter size-large wp-image-1396\" src=\"https:\/\/agora.xtec.cat\/ceiprossendmontane\/wp-content\/uploads\/usu2330\/2024\/02\/2.png\" alt=\"\" width=\"1000\" height=\"707\" srcset=\"https:\/\/agora.xtec.cat\/ceiprossendmontane\/wp-content\/uploads\/usu2330\/2024\/02\/2.png 1000w, https:\/\/agora.xtec.cat\/ceiprossendmontane\/wp-content\/uploads\/usu2330\/2024\/02\/2-300x212.png 300w, https:\/\/agora.xtec.cat\/ceiprossendmontane\/wp-content\/uploads\/usu2330\/2024\/02\/2-768x543.png 768w\" sizes=\"auto, (max-width: 1000px) 100vw, 1000px\" \/><\/p>\n<p>Estem molt il\u00b7lusionades i il\u00b7lusionats d&#8217;engegar el projecte de la classe. Ja hem comen\u00e7at amb la primera representaci\u00f3 de titelles. Sabeu per quina titella hem iniciat?<\/p>\n<p style=\"text-align: center;\">\u00c9s una nena que porta una C__P__TX__T__\u00a0 \u00a0 V__RM__LL<\/p>\n<p style=\"text-align: center;\">Sabeu qui \u00e9s?<\/p>\n<p><img loading=\"lazy\" decoding=\"async\" class=\"aligncenter size-medium wp-image-1397\" src=\"https:\/\/agora.xtec.cat\/ceiprossendmontane\/wp-content\/uploads\/usu2330\/2024\/02\/captuxeta-300x245.png\" alt=\"\" width=\"300\" height=\"245\" srcset=\"https:\/\/agora.xtec.cat\/ceiprossendmontane\/wp-content\/uploads\/usu2330\/2024\/02\/captuxeta-300x245.png 300w, https:\/\/agora.xtec.cat\/ceiprossendmontane\/wp-content\/uploads\/usu2330\/2024\/02\/captuxeta.png 360w\" sizes=\"auto, (max-width: 300px) 100vw, 300px\" \/><\/p>\n<p style=\"text-align: center;\"><span style=\"font-family: inherit; font-size: 1em;\">Doncs s\u00ed, la <\/span><strong style=\"font-family: inherit; font-size: 1em;\">Caputxeta Vermella<\/strong><span style=\"font-family: inherit; font-size: 1em;\">. Aquesta setmana ens ho hem passat s\u00faper b\u00e9!!<\/span><\/p>\n<p>Ja veieu que <strong>els titelles<\/strong> s\u00f3n un gran recurs. Un recurs divertit i molt especial perqu\u00e8 ens ajuda a&#8230; <em>con\u00e8ixer contes, interpretar personatges, expressar emocions i sentiments, fer volar la imaginaci\u00f3, ampliar vocabulari, afavorir les habilitats socials i potenciar moolt la imaginaci\u00f3!!<\/em><\/p>\n<p style=\"text-align: center;\">\u00a0Us seguirem explicant!! Aix\u00f2 nom\u00e9s fa que comen\u00e7ar!<\/p>\n","protected":false},"excerpt":{"rendered":"<p>\nEstem molt il\u00b7lusionades i il\u00b7lusionats d&#8217;engegar el projecte de la classe. Ja hem comen\u00e7at amb la primera representaci\u00f3 de titelles. Sabeu per quina titella hem iniciat?<br \/>\n\u00c9s una nena que porta una C__P__TX__T__\u00a0 \u00a0 V__RM__LL<br \/>\nSabeu qui \u00e9s?<\/p>\n<p>Doncs s\u00ed, la Caputxeta Vermella. Aquesta setmana ens ho&hellip;  <a href=\"https:\/\/agora.xtec.cat\/ceiprossendmontane\/infantil\/titelles-que-esteu-fent\/\" title=\"Read TITELLES&#8230; QU\u00c8 ESTEU FENT?\">Llegeix m\u00e9s\u00bb<\/a><\/p>\n","protected":false},"author":1,"featured_media":0,"comment_status":"closed","ping_status":"closed","sticky":false,"template":"","format":"standard","meta":{"_bbp_topic_count":0,"_bbp_reply_count":0,"_bbp_total_topic_count":0,"_bbp_total_reply_count":0,"_bbp_voice_count":0,"_bbp_anonymous_reply_count":0,"_bbp_topic_count_hidden":0,"_bbp_reply_count_hidden":0,"_bbp_forum_subforum_count":0,"footnotes":""},"categories":[3,2,4],"tags":[108,94,68,77],"class_list":["post-1394","post","type-post","status-publish","format-standard","hentry","category-i3","category-infantil","category-portada","tag-projecte-titelles","tag-emocionar-te","tag-equip-petits","tag-i3"],"post_mailing_queue_ids":[],"_links":{"self":[{"href":"https:\/\/agora.xtec.cat\/ceiprossendmontane\/wp-json\/wp\/v2\/posts\/1394","targetHints":{"allow":["GET"]}}],"collection":[{"href":"https:\/\/agora.xtec.cat\/ceiprossendmontane\/wp-json\/wp\/v2\/posts"}],"about":[{"href":"https:\/\/agora.xtec.cat\/ceiprossendmontane\/wp-json\/wp\/v2\/types\/post"}],"author":[{"embeddable":true,"href":"https:\/\/agora.xtec.cat\/ceiprossendmontane\/wp-json\/wp\/v2\/users\/1"}],"replies":[{"embeddable":true,"href":"https:\/\/agora.xtec.cat\/ceiprossendmontane\/wp-json\/wp\/v2\/comments?post=1394"}],"version-history":[{"count":6,"href":"https:\/\/agora.xtec.cat\/ceiprossendmontane\/wp-json\/wp\/v2\/posts\/1394\/revisions"}],"predecessor-version":[{"id":1408,"href":"https:\/\/agora.xtec.cat\/ceiprossendmontane\/wp-json\/wp\/v2\/posts\/1394\/revisions\/1408"}],"wp:attachment":[{"href":"https:\/\/agora.xtec.cat\/ceiprossendmontane\/wp-json\/wp\/v2\/media?parent=1394"}],"wp:term":[{"taxonomy":"category","embeddable":true,"href":"https:\/\/agora.xtec.cat\/ceiprossendmontane\/wp-json\/wp\/v2\/categories?post=1394"},{"taxonomy":"post_tag","embeddable":true,"href":"https:\/\/agora.xtec.cat\/ceiprossendmontane\/wp-json\/wp\/v2\/tags?post=1394"}],"curies":[{"name":"wp","href":"https:\/\/api.w.org\/{rel}","templated":true}]}}