{"id":1372,"date":"2024-02-19T11:15:19","date_gmt":"2024-02-19T10:15:19","guid":{"rendered":"https:\/\/agora.xtec.cat\/ceiprossendmontane\/?p=1372"},"modified":"2024-02-19T11:15:56","modified_gmt":"2024-02-19T10:15:56","slug":"basquet-amb-cadira-de-rodes","status":"publish","type":"post","link":"https:\/\/agora.xtec.cat\/ceiprossendmontane\/portada\/general\/basquet-amb-cadira-de-rodes\/","title":{"rendered":"B\u00c0SQUET AMB CADIRA DE RODES"},"content":{"rendered":"<p><img loading=\"lazy\" decoding=\"async\" class=\"aligncenter wp-image-1373\" src=\"https:\/\/agora.xtec.cat\/ceiprossendmontane\/wp-content\/uploads\/usu2330\/2024\/02\/Captura1.jpg\" alt=\"\" width=\"494\" height=\"398\" srcset=\"https:\/\/agora.xtec.cat\/ceiprossendmontane\/wp-content\/uploads\/usu2330\/2024\/02\/Captura1.jpg 656w, https:\/\/agora.xtec.cat\/ceiprossendmontane\/wp-content\/uploads\/usu2330\/2024\/02\/Captura1-300x241.jpg 300w\" sizes=\"auto, (max-width: 494px) 100vw, 494px\" \/><\/p>\n<p>&nbsp;<\/p>\n<p align=\"left\">Fa unes setmanes que estem practicant esports adaptats. Con\u00e8ixer-los \u00e9s molt important per ser m\u00e9s emp\u00e0tics i respectuosos cap a persones que tenen certes dificultats, tamb\u00e9 entenent quina ajuda necessiten i no excedir-nos amb aquesta, ja que els pot fer, fins i tot, sentir malament. A m\u00e9s, indirectament valorem la sort que tenim de ser com som, augmentant la nostra autoestima i canviant el missatge del no puc pel de s\u00ed que puc. Amb esfor\u00e7 i ganes, tenim tots i totes molt de potencial!<\/p>\n<p align=\"left\">Aix\u00ed mateix, tenim la sort de comptar amb dues monitores de la Federaci\u00f3 Esportiva Catalana de Paral\u00edtics Cerebrals que duen a terme atletisme adaptat, b\u00e0squet amb cadira de rodes, voleibol adaptat i la boccia els divendres al migdia, completant-ho amb una jornada per tota l\u2019escola el 8 de mar\u00e7.<\/p>\n<p align=\"left\">Us assegurem que ho estan gaudint molt!<\/p>\n","protected":false},"excerpt":{"rendered":"<p>&nbsp;<br \/>\nFa unes setmanes que estem practicant esports adaptats. Con\u00e8ixer-los \u00e9s molt important per ser m\u00e9s emp\u00e0tics i respectuosos cap a persones que tenen certes dificultats, tamb\u00e9 entenent quina ajuda necessiten i no excedir-nos amb aquesta, ja que els pot fer, fins i tot, sentir malament.&hellip;  <a href=\"https:\/\/agora.xtec.cat\/ceiprossendmontane\/portada\/general\/basquet-amb-cadira-de-rodes\/\" title=\"Read B\u00c0SQUET AMB CADIRA DE RODES\">Llegeix m\u00e9s\u00bb<\/a><\/p>\n","protected":false},"author":1,"featured_media":0,"comment_status":"closed","ping_status":"closed","sticky":false,"template":"","format":"standard","meta":{"_bbp_topic_count":0,"_bbp_reply_count":0,"_bbp_total_topic_count":0,"_bbp_total_reply_count":0,"_bbp_voice_count":0,"_bbp_anonymous_reply_count":0,"_bbp_topic_count_hidden":0,"_bbp_reply_count_hidden":0,"_bbp_forum_subforum_count":0,"footnotes":""},"categories":[1],"tags":[96,70],"class_list":["post-1372","post","type-post","status-publish","format-standard","hentry","category-general","tag-educacio-fisica","tag-equip-grans"],"post_mailing_queue_ids":[],"_links":{"self":[{"href":"https:\/\/agora.xtec.cat\/ceiprossendmontane\/wp-json\/wp\/v2\/posts\/1372","targetHints":{"allow":["GET"]}}],"collection":[{"href":"https:\/\/agora.xtec.cat\/ceiprossendmontane\/wp-json\/wp\/v2\/posts"}],"about":[{"href":"https:\/\/agora.xtec.cat\/ceiprossendmontane\/wp-json\/wp\/v2\/types\/post"}],"author":[{"embeddable":true,"href":"https:\/\/agora.xtec.cat\/ceiprossendmontane\/wp-json\/wp\/v2\/users\/1"}],"replies":[{"embeddable":true,"href":"https:\/\/agora.xtec.cat\/ceiprossendmontane\/wp-json\/wp\/v2\/comments?post=1372"}],"version-history":[{"count":3,"href":"https:\/\/agora.xtec.cat\/ceiprossendmontane\/wp-json\/wp\/v2\/posts\/1372\/revisions"}],"predecessor-version":[{"id":1376,"href":"https:\/\/agora.xtec.cat\/ceiprossendmontane\/wp-json\/wp\/v2\/posts\/1372\/revisions\/1376"}],"wp:attachment":[{"href":"https:\/\/agora.xtec.cat\/ceiprossendmontane\/wp-json\/wp\/v2\/media?parent=1372"}],"wp:term":[{"taxonomy":"category","embeddable":true,"href":"https:\/\/agora.xtec.cat\/ceiprossendmontane\/wp-json\/wp\/v2\/categories?post=1372"},{"taxonomy":"post_tag","embeddable":true,"href":"https:\/\/agora.xtec.cat\/ceiprossendmontane\/wp-json\/wp\/v2\/tags?post=1372"}],"curies":[{"name":"wp","href":"https:\/\/api.w.org\/{rel}","templated":true}]}}