{"id":1361,"date":"2024-02-15T12:47:48","date_gmt":"2024-02-15T11:47:48","guid":{"rendered":"https:\/\/agora.xtec.cat\/ceiprossendmontane\/?p=1361"},"modified":"2024-02-15T12:48:31","modified_gmt":"2024-02-15T11:48:31","slug":"treballem-amb-el-canva","status":"publish","type":"post","link":"https:\/\/agora.xtec.cat\/ceiprossendmontane\/portada\/general\/treballem-amb-el-canva\/","title":{"rendered":"TREBALLEM AMB EL CANVA"},"content":{"rendered":"<p><img loading=\"lazy\" decoding=\"async\" class=\"wp-image-1364 aligncenter\" src=\"https:\/\/agora.xtec.cat\/ceiprossendmontane\/wp-content\/uploads\/usu2330\/2024\/02\/Captura-2.jpg\" alt=\"\" width=\"284\" height=\"398\" srcset=\"https:\/\/agora.xtec.cat\/ceiprossendmontane\/wp-content\/uploads\/usu2330\/2024\/02\/Captura-2.jpg 453w, https:\/\/agora.xtec.cat\/ceiprossendmontane\/wp-content\/uploads\/usu2330\/2024\/02\/Captura-2-214x300.jpg 214w\" sizes=\"auto, (max-width: 284px) 100vw, 284px\" \/><\/p>\n<p align=\"justify\">\n<p align=\"justify\">Des del Projecte d&#8217;Entrepans dissenyem els nostres cartells utilitzant l\u2019eina Canva. El Canva \u00e9s una eina de disseny gr\u00e0fic amb la qual pots crear infinitat de dissenys. \u00c9s una eina molt intu\u00eftiva i senzilla de gestionar. Aix\u00ed doncs, permet que cada infant crei els seus propis cartells, les llistes de la compra, dels mestres, dels i les alumnes, entre d\u2019altres.<\/p>\n<p align=\"justify\">En els cartells hi posem tota la informaci\u00f3 que ens interessa donar als i les mestres.<\/p>\n<p align=\"justify\">Hem creat cartells per donar la informaci\u00f3 de la venda de tiquets, dels embotits que poden demanar i dels dies que es venen els tiquets.<\/p>\n<p align=\"justify\">Aqu\u00ed us en deixem una petita mostra!! Els hi encanta treballar amb el Canva!!<\/p>\n","protected":false},"excerpt":{"rendered":"<p>Des del Projecte d&#8217;Entrepans dissenyem els nostres cartells utilitzant l\u2019eina Canva. El Canva \u00e9s una eina de disseny gr\u00e0fic amb la qual pots crear infinitat de dissenys. \u00c9s una eina molt intu\u00eftiva i senzilla de gestionar. Aix\u00ed doncs, permet que cada infant crei els seus&hellip;  <a href=\"https:\/\/agora.xtec.cat\/ceiprossendmontane\/portada\/general\/treballem-amb-el-canva\/\" title=\"Read TREBALLEM AMB EL CANVA\">Llegeix m\u00e9s\u00bb<\/a><\/p>\n","protected":false},"author":1,"featured_media":0,"comment_status":"closed","ping_status":"closed","sticky":false,"template":"","format":"standard","meta":{"_bbp_topic_count":0,"_bbp_reply_count":0,"_bbp_total_topic_count":0,"_bbp_total_reply_count":0,"_bbp_voice_count":0,"_bbp_anonymous_reply_count":0,"_bbp_topic_count_hidden":0,"_bbp_reply_count_hidden":0,"_bbp_forum_subforum_count":0,"footnotes":""},"categories":[1],"tags":[106,97],"class_list":["post-1361","post","type-post","status-publish","format-standard","hentry","category-general","tag-projecte-entrepans","tag-educacio-especial"],"post_mailing_queue_ids":[],"_links":{"self":[{"href":"https:\/\/agora.xtec.cat\/ceiprossendmontane\/wp-json\/wp\/v2\/posts\/1361","targetHints":{"allow":["GET"]}}],"collection":[{"href":"https:\/\/agora.xtec.cat\/ceiprossendmontane\/wp-json\/wp\/v2\/posts"}],"about":[{"href":"https:\/\/agora.xtec.cat\/ceiprossendmontane\/wp-json\/wp\/v2\/types\/post"}],"author":[{"embeddable":true,"href":"https:\/\/agora.xtec.cat\/ceiprossendmontane\/wp-json\/wp\/v2\/users\/1"}],"replies":[{"embeddable":true,"href":"https:\/\/agora.xtec.cat\/ceiprossendmontane\/wp-json\/wp\/v2\/comments?post=1361"}],"version-history":[{"count":2,"href":"https:\/\/agora.xtec.cat\/ceiprossendmontane\/wp-json\/wp\/v2\/posts\/1361\/revisions"}],"predecessor-version":[{"id":1366,"href":"https:\/\/agora.xtec.cat\/ceiprossendmontane\/wp-json\/wp\/v2\/posts\/1361\/revisions\/1366"}],"wp:attachment":[{"href":"https:\/\/agora.xtec.cat\/ceiprossendmontane\/wp-json\/wp\/v2\/media?parent=1361"}],"wp:term":[{"taxonomy":"category","embeddable":true,"href":"https:\/\/agora.xtec.cat\/ceiprossendmontane\/wp-json\/wp\/v2\/categories?post=1361"},{"taxonomy":"post_tag","embeddable":true,"href":"https:\/\/agora.xtec.cat\/ceiprossendmontane\/wp-json\/wp\/v2\/tags?post=1361"}],"curies":[{"name":"wp","href":"https:\/\/api.w.org\/{rel}","templated":true}]}}