{"id":1356,"date":"2024-02-15T12:39:46","date_gmt":"2024-02-15T11:39:46","guid":{"rendered":"https:\/\/agora.xtec.cat\/ceiprossendmontane\/?p=1356"},"modified":"2024-02-15T12:42:26","modified_gmt":"2024-02-15T11:42:26","slug":"la-clika","status":"publish","type":"post","link":"https:\/\/agora.xtec.cat\/ceiprossendmontane\/portada\/general\/la-clika\/","title":{"rendered":"LA CLIKA"},"content":{"rendered":"<p><img loading=\"lazy\" decoding=\"async\" class=\"wp-image-1357 aligncenter\" style=\"text-align: justify;\" src=\"https:\/\/agora.xtec.cat\/ceiprossendmontane\/wp-content\/uploads\/usu2330\/2024\/02\/musica.jpg\" alt=\"\" width=\"385\" height=\"278\" srcset=\"https:\/\/agora.xtec.cat\/ceiprossendmontane\/wp-content\/uploads\/usu2330\/2024\/02\/musica.jpg 659w, https:\/\/agora.xtec.cat\/ceiprossendmontane\/wp-content\/uploads\/usu2330\/2024\/02\/musica-300x216.jpg 300w\" sizes=\"auto, (max-width: 385px) 100vw, 385px\" \/><\/p>\n<p align=\"justify\"><span style=\"font-family: Arial, sans-serif;\"><span style=\"font-size: small;\">Des del gener, primer i segon de Prim\u00e0ria, estem aprenent les can\u00e7ons per poder participar a la Cantata LA CLIKA juntament amb altres escoles del voltant. S\u00f3n can\u00e7ons que parlen de valors com la toler\u00e0ncia, la igualtat d\u2019oportunitats, la cura de l\u2019entorn, l\u2019amistat, el temps lliure\u2026 a trav\u00e9s d\u2019una colla d\u2019amics virtuals. S\u00f3n can\u00e7ons molt engrescadores que ens encanta cantar. <\/span><\/span><\/p>\n<p align=\"justify\"><span style=\"font-family: Arial, sans-serif;\"><span style=\"font-size: small;\">El dimarts 28 de maig a les 13:30 esteu convidats al concert que farem a l\u2019Auditori de Vilafranca. M\u00e9s endavant us informarem sobre com adquirir les entrades, per\u00f2 ja us podeu reservar la data. Ser\u00e0 una aut\u00e8ntica festa! <\/span><\/span><\/p>\n","protected":false},"excerpt":{"rendered":"<p>Des del gener, primer i segon de Prim\u00e0ria, estem aprenent les can\u00e7ons per poder participar a la Cantata LA CLIKA juntament amb altres escoles del voltant. S\u00f3n can\u00e7ons que parlen de valors com la toler\u00e0ncia, la igualtat d\u2019oportunitats, la cura de l\u2019entorn, l\u2019amistat, el temps&hellip;  <a href=\"https:\/\/agora.xtec.cat\/ceiprossendmontane\/portada\/general\/la-clika\/\" title=\"Read LA CLIKA\">Llegeix m\u00e9s\u00bb<\/a><\/p>\n","protected":false},"author":1,"featured_media":0,"comment_status":"closed","ping_status":"closed","sticky":false,"template":"","format":"standard","meta":{"_bbp_topic_count":0,"_bbp_reply_count":0,"_bbp_total_topic_count":0,"_bbp_total_reply_count":0,"_bbp_voice_count":0,"_bbp_anonymous_reply_count":0,"_bbp_topic_count_hidden":0,"_bbp_reply_count_hidden":0,"_bbp_forum_subforum_count":0,"footnotes":""},"categories":[10,11,1],"tags":[69,100],"class_list":["post-1356","post","type-post","status-publish","format-standard","hentry","category-1r","category-2n","category-general","tag-equip-mitjans","tag-musica"],"post_mailing_queue_ids":[],"_links":{"self":[{"href":"https:\/\/agora.xtec.cat\/ceiprossendmontane\/wp-json\/wp\/v2\/posts\/1356","targetHints":{"allow":["GET"]}}],"collection":[{"href":"https:\/\/agora.xtec.cat\/ceiprossendmontane\/wp-json\/wp\/v2\/posts"}],"about":[{"href":"https:\/\/agora.xtec.cat\/ceiprossendmontane\/wp-json\/wp\/v2\/types\/post"}],"author":[{"embeddable":true,"href":"https:\/\/agora.xtec.cat\/ceiprossendmontane\/wp-json\/wp\/v2\/users\/1"}],"replies":[{"embeddable":true,"href":"https:\/\/agora.xtec.cat\/ceiprossendmontane\/wp-json\/wp\/v2\/comments?post=1356"}],"version-history":[{"count":3,"href":"https:\/\/agora.xtec.cat\/ceiprossendmontane\/wp-json\/wp\/v2\/posts\/1356\/revisions"}],"predecessor-version":[{"id":1360,"href":"https:\/\/agora.xtec.cat\/ceiprossendmontane\/wp-json\/wp\/v2\/posts\/1356\/revisions\/1360"}],"wp:attachment":[{"href":"https:\/\/agora.xtec.cat\/ceiprossendmontane\/wp-json\/wp\/v2\/media?parent=1356"}],"wp:term":[{"taxonomy":"category","embeddable":true,"href":"https:\/\/agora.xtec.cat\/ceiprossendmontane\/wp-json\/wp\/v2\/categories?post=1356"},{"taxonomy":"post_tag","embeddable":true,"href":"https:\/\/agora.xtec.cat\/ceiprossendmontane\/wp-json\/wp\/v2\/tags?post=1356"}],"curies":[{"name":"wp","href":"https:\/\/api.w.org\/{rel}","templated":true}]}}