{"id":1344,"date":"2024-02-03T12:36:05","date_gmt":"2024-02-03T11:36:05","guid":{"rendered":"https:\/\/agora.xtec.cat\/ceiprossendmontane\/?p=1344"},"modified":"2024-02-13T12:39:28","modified_gmt":"2024-02-13T11:39:28","slug":"matematiques-a-6e","status":"publish","type":"post","link":"https:\/\/agora.xtec.cat\/ceiprossendmontane\/portada\/general\/matematiques-a-6e\/","title":{"rendered":"MATEM\u00c0TIQUES A 6\u00e8"},"content":{"rendered":"<p>&nbsp;<\/p>\n<p><img loading=\"lazy\" decoding=\"async\" class=\"wp-image-1345 alignleft\" src=\"https:\/\/agora.xtec.cat\/ceiprossendmontane\/wp-content\/uploads\/usu2330\/2024\/02\/6E.jpg\" alt=\"\" width=\"313\" height=\"315\" srcset=\"https:\/\/agora.xtec.cat\/ceiprossendmontane\/wp-content\/uploads\/usu2330\/2024\/02\/6E.jpg 650w, https:\/\/agora.xtec.cat\/ceiprossendmontane\/wp-content\/uploads\/usu2330\/2024\/02\/6E-150x150.jpg 150w\" sizes=\"auto, (max-width: 313px) 100vw, 313px\" \/><\/p>\n<p><span style=\"font-weight: 400;\">Avui us volem parlar de com treballem les matem\u00e0tiques a 6\u00e8. <\/span><\/p>\n<p><span style=\"font-weight: 400;\">Un dia a la setmana treballem les \u201cAventures\u201d dins del nostre Projecte d\u2019Innovamat. Les treballem des d\u2019una vessant experimental, l\u00fadica i manipulativa. <\/span><\/p>\n<p><span style=\"font-weight: 400;\">Durant aquesta sessi\u00f3 hem treballat els \u201cDesplegaments\u201d. Posant en pr\u00e0ctica els coneixements adquirits sobre prismes, pir\u00e0mides i cossos rodons. Aquesta sessi\u00f3 ens va molt b\u00e9 per preparar les properes Compet\u00e8ncies B\u00e0siques que farem durant el mes de mar\u00e7.\u00a0 <\/span><\/p>\n","protected":false},"excerpt":{"rendered":"<p>&nbsp;<\/p>\n<p>Avui us volem parlar de com treballem les matem\u00e0tiques a 6\u00e8.<br \/>\nUn dia a la setmana treballem les \u201cAventures\u201d dins del nostre Projecte d\u2019Innovamat. Les treballem des d\u2019una vessant experimental, l\u00fadica i manipulativa.<br \/>\nDurant aquesta sessi\u00f3 hem treballat els \u201cDesplegaments\u201d. Posant en pr\u00e0ctica els coneixements&hellip;  <a href=\"https:\/\/agora.xtec.cat\/ceiprossendmontane\/portada\/general\/matematiques-a-6e\/\" title=\"Read MATEM\u00c0TIQUES A 6\u00e8\">Llegeix m\u00e9s\u00bb<\/a><\/p>\n","protected":false},"author":1,"featured_media":0,"comment_status":"closed","ping_status":"closed","sticky":false,"template":"","format":"standard","meta":{"_bbp_topic_count":0,"_bbp_reply_count":0,"_bbp_total_topic_count":0,"_bbp_total_reply_count":0,"_bbp_voice_count":0,"_bbp_anonymous_reply_count":0,"_bbp_topic_count_hidden":0,"_bbp_reply_count_hidden":0,"_bbp_forum_subforum_count":0,"footnotes":""},"categories":[15,1],"tags":[105,90,70],"class_list":["post-1344","post","type-post","status-publish","format-standard","hentry","category-6e","category-general","tag-matematiques","tag-6e","tag-equip-grans"],"post_mailing_queue_ids":[],"_links":{"self":[{"href":"https:\/\/agora.xtec.cat\/ceiprossendmontane\/wp-json\/wp\/v2\/posts\/1344","targetHints":{"allow":["GET"]}}],"collection":[{"href":"https:\/\/agora.xtec.cat\/ceiprossendmontane\/wp-json\/wp\/v2\/posts"}],"about":[{"href":"https:\/\/agora.xtec.cat\/ceiprossendmontane\/wp-json\/wp\/v2\/types\/post"}],"author":[{"embeddable":true,"href":"https:\/\/agora.xtec.cat\/ceiprossendmontane\/wp-json\/wp\/v2\/users\/1"}],"replies":[{"embeddable":true,"href":"https:\/\/agora.xtec.cat\/ceiprossendmontane\/wp-json\/wp\/v2\/comments?post=1344"}],"version-history":[{"count":5,"href":"https:\/\/agora.xtec.cat\/ceiprossendmontane\/wp-json\/wp\/v2\/posts\/1344\/revisions"}],"predecessor-version":[{"id":1350,"href":"https:\/\/agora.xtec.cat\/ceiprossendmontane\/wp-json\/wp\/v2\/posts\/1344\/revisions\/1350"}],"wp:attachment":[{"href":"https:\/\/agora.xtec.cat\/ceiprossendmontane\/wp-json\/wp\/v2\/media?parent=1344"}],"wp:term":[{"taxonomy":"category","embeddable":true,"href":"https:\/\/agora.xtec.cat\/ceiprossendmontane\/wp-json\/wp\/v2\/categories?post=1344"},{"taxonomy":"post_tag","embeddable":true,"href":"https:\/\/agora.xtec.cat\/ceiprossendmontane\/wp-json\/wp\/v2\/tags?post=1344"}],"curies":[{"name":"wp","href":"https:\/\/api.w.org\/{rel}","templated":true}]}}