{"id":1338,"date":"2024-02-05T12:25:42","date_gmt":"2024-02-05T11:25:42","guid":{"rendered":"https:\/\/agora.xtec.cat\/ceiprossendmontane\/?p=1338"},"modified":"2024-02-13T12:32:25","modified_gmt":"2024-02-13T11:32:25","slug":"preparem-les-consignes","status":"publish","type":"post","link":"https:\/\/agora.xtec.cat\/ceiprossendmontane\/portada\/general\/preparem-les-consignes\/","title":{"rendered":"PREPAREM LES CONSIGNES!"},"content":{"rendered":"<p align=\"left\"><img loading=\"lazy\" decoding=\"async\" class=\"wp-image-1340 aligncenter\" src=\"https:\/\/agora.xtec.cat\/ceiprossendmontane\/wp-content\/uploads\/usu2330\/2024\/02\/3r-1.jpg\" alt=\"\" width=\"608\" height=\"303\" srcset=\"https:\/\/agora.xtec.cat\/ceiprossendmontane\/wp-content\/uploads\/usu2330\/2024\/02\/3r-1.jpg 877w, https:\/\/agora.xtec.cat\/ceiprossendmontane\/wp-content\/uploads\/usu2330\/2024\/02\/3r-1-300x149.jpg 300w, https:\/\/agora.xtec.cat\/ceiprossendmontane\/wp-content\/uploads\/usu2330\/2024\/02\/3r-1-768x383.jpg 768w\" sizes=\"auto, (max-width: 608px) 100vw, 608px\" \/><\/p>\n<p align=\"left\">A finals de gener ens va arribar una carta ben especial\u2026 Era el Rei Carnestoltes! Ens demanava ajuda per a poder preparar les consignes d\u2019aquest any i aix\u00ed ho vam fer!<\/p>\n<p align=\"left\">Primer, en gran grup, vam crear una pluja d\u2019idees per acabar trobant les consignes m\u00e9s divertides. Despr\u00e9s ens vam posar per parelles i vam anar formant el rodol\u00ed que millor encaixava mentre l\u2019escriv\u00edem a l\u2019ordinador. Per\u00f2 sabeu que aix\u00f2 no \u00e9s tot? Un cop ho ten\u00edem ben muntat ens faltava fer una cosa ben important: presentar les consignes als nens i nenes de la resta de l\u2019escola! \u00c9s en aquest punt on vam comen\u00e7ar a assajar i practicar per fer una representaci\u00f3. Quan va arribar el dia ho vam clavar! En acabar, ens ho vam passar d\u2019all\u00f2 m\u00e9s b\u00e9 ballant al ritme de carnaval i tirant confeti!<\/p>\n<p align=\"left\">Visca el Carnaval de l\u2019Escola Rossend Montan\u00e9!<\/p>\n","protected":false},"excerpt":{"rendered":"<p>A finals de gener ens va arribar una carta ben especial\u2026 Era el Rei Carnestoltes! Ens demanava ajuda per a poder preparar les consignes d\u2019aquest any i aix\u00ed ho vam fer!<br \/>\nPrimer, en gran grup, vam crear una pluja d\u2019idees per acabar trobant les consignes m\u00e9s&hellip;  <a href=\"https:\/\/agora.xtec.cat\/ceiprossendmontane\/portada\/general\/preparem-les-consignes\/\" title=\"Read PREPAREM LES CONSIGNES!\">Llegeix m\u00e9s\u00bb<\/a><\/p>\n","protected":false},"author":1,"featured_media":0,"comment_status":"closed","ping_status":"closed","sticky":false,"template":"","format":"standard","meta":{"_bbp_topic_count":0,"_bbp_reply_count":0,"_bbp_total_topic_count":0,"_bbp_total_reply_count":0,"_bbp_voice_count":0,"_bbp_anonymous_reply_count":0,"_bbp_topic_count_hidden":0,"_bbp_reply_count_hidden":0,"_bbp_forum_subforum_count":0,"footnotes":""},"categories":[12,1],"tags":[104,95,69],"class_list":["post-1338","post","type-post","status-publish","format-standard","hentry","category-3r","category-general","tag-carnaval","tag-3r","tag-equip-mitjans"],"post_mailing_queue_ids":[],"_links":{"self":[{"href":"https:\/\/agora.xtec.cat\/ceiprossendmontane\/wp-json\/wp\/v2\/posts\/1338","targetHints":{"allow":["GET"]}}],"collection":[{"href":"https:\/\/agora.xtec.cat\/ceiprossendmontane\/wp-json\/wp\/v2\/posts"}],"about":[{"href":"https:\/\/agora.xtec.cat\/ceiprossendmontane\/wp-json\/wp\/v2\/types\/post"}],"author":[{"embeddable":true,"href":"https:\/\/agora.xtec.cat\/ceiprossendmontane\/wp-json\/wp\/v2\/users\/1"}],"replies":[{"embeddable":true,"href":"https:\/\/agora.xtec.cat\/ceiprossendmontane\/wp-json\/wp\/v2\/comments?post=1338"}],"version-history":[{"count":2,"href":"https:\/\/agora.xtec.cat\/ceiprossendmontane\/wp-json\/wp\/v2\/posts\/1338\/revisions"}],"predecessor-version":[{"id":1342,"href":"https:\/\/agora.xtec.cat\/ceiprossendmontane\/wp-json\/wp\/v2\/posts\/1338\/revisions\/1342"}],"wp:attachment":[{"href":"https:\/\/agora.xtec.cat\/ceiprossendmontane\/wp-json\/wp\/v2\/media?parent=1338"}],"wp:term":[{"taxonomy":"category","embeddable":true,"href":"https:\/\/agora.xtec.cat\/ceiprossendmontane\/wp-json\/wp\/v2\/categories?post=1338"},{"taxonomy":"post_tag","embeddable":true,"href":"https:\/\/agora.xtec.cat\/ceiprossendmontane\/wp-json\/wp\/v2\/tags?post=1338"}],"curies":[{"name":"wp","href":"https:\/\/api.w.org\/{rel}","templated":true}]}}