{"id":1308,"date":"2024-01-29T15:59:52","date_gmt":"2024-01-29T14:59:52","guid":{"rendered":"https:\/\/agora.xtec.cat\/ceiprossendmontane\/?p=1308"},"modified":"2024-02-13T12:28:46","modified_gmt":"2024-02-13T11:28:46","slug":"una-historia-rocambolesca","status":"publish","type":"post","link":"https:\/\/agora.xtec.cat\/ceiprossendmontane\/portada\/general\/una-historia-rocambolesca\/","title":{"rendered":"\u00a1UNA HISTORIA ROCAMBOLESCA!"},"content":{"rendered":"<p><a href=\"https:\/\/drive.google.com\/file\/d\/1bUkJyb_RMilLuVIRUmM8V_tG-VO8rvxu\/view?usp=sharing\"><img loading=\"lazy\" decoding=\"async\" class=\"wp-image-1309 aligncenter\" src=\"https:\/\/agora.xtec.cat\/ceiprossendmontane\/wp-content\/uploads\/usu2330\/2024\/01\/1r.jpg\" alt=\"\" width=\"516\" height=\"284\" srcset=\"https:\/\/agora.xtec.cat\/ceiprossendmontane\/wp-content\/uploads\/usu2330\/2024\/01\/1r.jpg 1236w, https:\/\/agora.xtec.cat\/ceiprossendmontane\/wp-content\/uploads\/usu2330\/2024\/01\/1r-300x165.jpg 300w, https:\/\/agora.xtec.cat\/ceiprossendmontane\/wp-content\/uploads\/usu2330\/2024\/01\/1r-1024x563.jpg 1024w, https:\/\/agora.xtec.cat\/ceiprossendmontane\/wp-content\/uploads\/usu2330\/2024\/01\/1r-768x423.jpg 768w\" sizes=\"auto, (max-width: 516px) 100vw, 516px\" \/><\/a><\/p>\n<p align=\"justify\">La clase de la Arquitectura se ha inventado una historia de Navidad de lo m\u00e1s rocambolesca. Cada alumno\/a se ha inventado una frase con el tema Navidad sin hablar con el compa\u00f1ero o compa\u00f1era. A continuaci\u00f3n, cada uno ha le\u00eddo su frase y luego las hemos puesto en orden para crear una historia de lo m\u00e1s extra\u00f1a sobre la noche de Navidad.<\/p>\n<p align=\"justify\">\u00bfQuer\u00e9is escuchar nuestra historia? Pues aqu\u00ed la ten\u00e9is. Esperamos que os guste tanto como a nosotros.<\/p>\n","protected":false},"excerpt":{"rendered":"<p><a href=\"https:\/\/drive.google.com\/file\/d\/1bUkJyb_RMilLuVIRUmM8V_tG-VO8rvxu\/view?usp=sharing\"><\/a><br \/>\nLa clase de la Arquitectura se ha inventado una historia de Navidad de lo m\u00e1s rocambolesca. Cada alumno\/a se ha inventado una frase con el tema Navidad sin hablar con el compa\u00f1ero o compa\u00f1era. A continuaci\u00f3n, cada uno ha le\u00eddo su frase y luego&hellip;  <a href=\"https:\/\/agora.xtec.cat\/ceiprossendmontane\/portada\/general\/una-historia-rocambolesca\/\" title=\"Read \u00a1UNA HISTORIA ROCAMBOLESCA!\">Llegeix m\u00e9s\u00bb<\/a><\/p>\n","protected":false},"author":1,"featured_media":0,"comment_status":"closed","ping_status":"closed","sticky":false,"template":"","format":"standard","meta":{"_bbp_topic_count":0,"_bbp_reply_count":0,"_bbp_total_topic_count":0,"_bbp_total_reply_count":0,"_bbp_voice_count":0,"_bbp_anonymous_reply_count":0,"_bbp_topic_count_hidden":0,"_bbp_reply_count_hidden":0,"_bbp_forum_subforum_count":0,"footnotes":""},"categories":[11,1],"tags":[79,69],"class_list":["post-1308","post","type-post","status-publish","format-standard","hentry","category-2n","category-general","tag-2n","tag-equip-mitjans"],"post_mailing_queue_ids":[],"_links":{"self":[{"href":"https:\/\/agora.xtec.cat\/ceiprossendmontane\/wp-json\/wp\/v2\/posts\/1308","targetHints":{"allow":["GET"]}}],"collection":[{"href":"https:\/\/agora.xtec.cat\/ceiprossendmontane\/wp-json\/wp\/v2\/posts"}],"about":[{"href":"https:\/\/agora.xtec.cat\/ceiprossendmontane\/wp-json\/wp\/v2\/types\/post"}],"author":[{"embeddable":true,"href":"https:\/\/agora.xtec.cat\/ceiprossendmontane\/wp-json\/wp\/v2\/users\/1"}],"replies":[{"embeddable":true,"href":"https:\/\/agora.xtec.cat\/ceiprossendmontane\/wp-json\/wp\/v2\/comments?post=1308"}],"version-history":[{"count":5,"href":"https:\/\/agora.xtec.cat\/ceiprossendmontane\/wp-json\/wp\/v2\/posts\/1308\/revisions"}],"predecessor-version":[{"id":1343,"href":"https:\/\/agora.xtec.cat\/ceiprossendmontane\/wp-json\/wp\/v2\/posts\/1308\/revisions\/1343"}],"wp:attachment":[{"href":"https:\/\/agora.xtec.cat\/ceiprossendmontane\/wp-json\/wp\/v2\/media?parent=1308"}],"wp:term":[{"taxonomy":"category","embeddable":true,"href":"https:\/\/agora.xtec.cat\/ceiprossendmontane\/wp-json\/wp\/v2\/categories?post=1308"},{"taxonomy":"post_tag","embeddable":true,"href":"https:\/\/agora.xtec.cat\/ceiprossendmontane\/wp-json\/wp\/v2\/tags?post=1308"}],"curies":[{"name":"wp","href":"https:\/\/api.w.org\/{rel}","templated":true}]}}