{"id":1305,"date":"2024-01-29T15:56:07","date_gmt":"2024-01-29T14:56:07","guid":{"rendered":"https:\/\/agora.xtec.cat\/ceiprossendmontane\/?p=1305"},"modified":"2024-01-29T15:56:51","modified_gmt":"2024-01-29T14:56:51","slug":"recordeu-la-nostra-ultima-noticia","status":"publish","type":"post","link":"https:\/\/agora.xtec.cat\/ceiprossendmontane\/portada\/general\/recordeu-la-nostra-ultima-noticia\/","title":{"rendered":"RECORDEU LA NOSTRA \u00daLTIMA NOT\u00cdCIA?"},"content":{"rendered":"<p><img loading=\"lazy\" decoding=\"async\" class=\" wp-image-1306 alignleft\" src=\"https:\/\/agora.xtec.cat\/ceiprossendmontane\/wp-content\/uploads\/usu2330\/2024\/01\/5e.jpg\" alt=\"\" width=\"386\" height=\"549\" srcset=\"https:\/\/agora.xtec.cat\/ceiprossendmontane\/wp-content\/uploads\/usu2330\/2024\/01\/5e.jpg 423w, https:\/\/agora.xtec.cat\/ceiprossendmontane\/wp-content\/uploads\/usu2330\/2024\/01\/5e-211x300.jpg 211w\" sizes=\"auto, (max-width: 386px) 100vw, 386px\" \/><\/p>\n<p>&nbsp;<\/p>\n<p align=\"justify\">Doncs us fem saber que hem arribat al final del nostre projecte \u201ccom inventem\u201d. Despr\u00e9s d\u2019haver apr\u00e8s molt\u00edssimes coses: sobre les forces, les m\u00e0quines, grans invents de la humanitat fets per dones, nocions d\u2019electricitat\u2026 ha arribat el nostre gran moment: som inventors i inventores!<\/p>\n<p align=\"justify\">Cadasc\u00fa ha creat el seu invent (ep!, amb electricitat o no!), l\u2019hem presentat al nostre petit grup i hem decidit quin \u00e9s el m\u00e9s viable per a fer. Aix\u00ed, han sorgit quatre idees fascinants!<\/p>\n<p align=\"justify\">Amb aquestes creacions hem apr\u00e8s a treballar en grup, organitzar-nos, a equivocar-nos i sobretot aprenent amb els nostres companys i companyes!<\/p>\n<p align=\"justify\">Per cert, gr\u00e0cies a les fam\u00edlies que ens heu donat un cop de m\u00e0!<\/p>\n","protected":false},"excerpt":{"rendered":"<p>&nbsp;<br \/>\nDoncs us fem saber que hem arribat al final del nostre projecte \u201ccom inventem\u201d. Despr\u00e9s d\u2019haver apr\u00e8s molt\u00edssimes coses: sobre les forces, les m\u00e0quines, grans invents de la humanitat fets per dones, nocions d\u2019electricitat\u2026 ha arribat el nostre gran moment: som inventors i inventores!<br \/>\nCadasc\u00fa ha&hellip;  <a href=\"https:\/\/agora.xtec.cat\/ceiprossendmontane\/portada\/general\/recordeu-la-nostra-ultima-noticia\/\" title=\"Read RECORDEU LA NOSTRA \u00daLTIMA NOT\u00cdCIA?\">Llegeix m\u00e9s\u00bb<\/a><\/p>\n","protected":false},"author":1,"featured_media":0,"comment_status":"closed","ping_status":"closed","sticky":false,"template":"","format":"standard","meta":{"_bbp_topic_count":0,"_bbp_reply_count":0,"_bbp_total_topic_count":0,"_bbp_total_reply_count":0,"_bbp_voice_count":0,"_bbp_anonymous_reply_count":0,"_bbp_topic_count_hidden":0,"_bbp_reply_count_hidden":0,"_bbp_forum_subforum_count":0,"footnotes":""},"categories":[14,1],"tags":[85,70],"class_list":["post-1305","post","type-post","status-publish","format-standard","hentry","category-5e","category-general","tag-5e","tag-equip-grans"],"post_mailing_queue_ids":[],"_links":{"self":[{"href":"https:\/\/agora.xtec.cat\/ceiprossendmontane\/wp-json\/wp\/v2\/posts\/1305","targetHints":{"allow":["GET"]}}],"collection":[{"href":"https:\/\/agora.xtec.cat\/ceiprossendmontane\/wp-json\/wp\/v2\/posts"}],"about":[{"href":"https:\/\/agora.xtec.cat\/ceiprossendmontane\/wp-json\/wp\/v2\/types\/post"}],"author":[{"embeddable":true,"href":"https:\/\/agora.xtec.cat\/ceiprossendmontane\/wp-json\/wp\/v2\/users\/1"}],"replies":[{"embeddable":true,"href":"https:\/\/agora.xtec.cat\/ceiprossendmontane\/wp-json\/wp\/v2\/comments?post=1305"}],"version-history":[{"count":1,"href":"https:\/\/agora.xtec.cat\/ceiprossendmontane\/wp-json\/wp\/v2\/posts\/1305\/revisions"}],"predecessor-version":[{"id":1307,"href":"https:\/\/agora.xtec.cat\/ceiprossendmontane\/wp-json\/wp\/v2\/posts\/1305\/revisions\/1307"}],"wp:attachment":[{"href":"https:\/\/agora.xtec.cat\/ceiprossendmontane\/wp-json\/wp\/v2\/media?parent=1305"}],"wp:term":[{"taxonomy":"category","embeddable":true,"href":"https:\/\/agora.xtec.cat\/ceiprossendmontane\/wp-json\/wp\/v2\/categories?post=1305"},{"taxonomy":"post_tag","embeddable":true,"href":"https:\/\/agora.xtec.cat\/ceiprossendmontane\/wp-json\/wp\/v2\/tags?post=1305"}],"curies":[{"name":"wp","href":"https:\/\/api.w.org\/{rel}","templated":true}]}}