{"id":1256,"date":"2024-01-22T12:01:35","date_gmt":"2024-01-22T11:01:35","guid":{"rendered":"https:\/\/agora.xtec.cat\/ceiprossendmontane\/?p=1256"},"modified":"2024-06-03T11:12:43","modified_gmt":"2024-06-03T09:12:43","slug":"el-primer-dia-descola-a-lequip-de-petits","status":"publish","type":"post","link":"https:\/\/agora.xtec.cat\/ceiprossendmontane\/portada\/general\/el-primer-dia-descola-a-lequip-de-petits\/","title":{"rendered":"EQUIP DE PETITS&#8230; QUIN GRAN DIA!"},"content":{"rendered":"<p><a href=\"https:\/\/agora.xtec.cat\/ceiprossendmontane\/wp-content\/uploads\/usu2330\/2024\/01\/insta-gener-reis-1.png\"><img loading=\"lazy\" decoding=\"async\" class=\"aligncenter size-full wp-image-1258\" src=\"https:\/\/agora.xtec.cat\/ceiprossendmontane\/wp-content\/uploads\/usu2330\/2024\/01\/insta-gener-reis-1.png\" alt=\"\" width=\"1440\" height=\"810\" srcset=\"https:\/\/agora.xtec.cat\/ceiprossendmontane\/wp-content\/uploads\/usu2330\/2024\/01\/insta-gener-reis-1.png 1440w, https:\/\/agora.xtec.cat\/ceiprossendmontane\/wp-content\/uploads\/usu2330\/2024\/01\/insta-gener-reis-1-300x169.png 300w, https:\/\/agora.xtec.cat\/ceiprossendmontane\/wp-content\/uploads\/usu2330\/2024\/01\/insta-gener-reis-1-1024x576.png 1024w, https:\/\/agora.xtec.cat\/ceiprossendmontane\/wp-content\/uploads\/usu2330\/2024\/01\/insta-gener-reis-1-768x432.png 768w\" sizes=\"auto, (max-width: 1440px) 100vw, 1440px\" \/><\/a><\/p>\n<p><span style=\"font-weight: 400;\">A l\u2019<strong>equip de Petits<\/strong>, el primer dia d\u2019escola va ser un dia molt especial! En arribar vam trobar uns regals i una carta! Vam decidir trobar-nos totes i tots al passad\u00eds i descobrir que ens havien portat. Quins nervis!! Tots i totes vam poder obrir un regal conjuntament amb els nostres companys i companyes.<\/span><\/p>\n<p style=\"text-align: center;\"><strong>Voleu sabeu qu\u00e8 ens han portat?<\/strong><\/p>\n<p><span style=\"font-weight: 400;\">Ens han portat fruites i aliments per jugar a la cuineta, per l\u2019espai del joc simb\u00f2lic. Tamb\u00e9 ens han portat uns robots que es poden programar, per treballar el pensament computacional, es diuen Blueboots. Ben aviat comen\u00e7arem a provar-los!!! A m\u00e9s a m\u00e9s, un joc molt divertit per trobar les parelles mitjan\u00e7ant el tacte, amb l&#8217;objectiu de millorar les nostres percepcions, segur que el trobarem a l\u2019espai d\u2019experimentaci\u00f3. I per acabar, un joc de peces magn\u00e8tiques per fomentar la creativitat a l\u2019espai de construccions. Quina passada!!<\/span><\/p>\n<p style=\"text-align: center;\"><span style=\"font-weight: 400;\">Ja veieu, un gran dia ple d\u2019emocions i de joc compartit. Ara nom\u00e9s ens toca jugar molt i cuidar-lo!\u00a0<\/span><span style=\"font-weight: 400;\"><br \/>\n<\/span><\/p>\n<p>&nbsp;<\/p>\n<p>&nbsp;<\/p>\n<p>&nbsp;<\/p>\n<p>&nbsp;<\/p>\n","protected":false},"excerpt":{"rendered":"<p><a href=\"https:\/\/agora.xtec.cat\/ceiprossendmontane\/wp-content\/uploads\/usu2330\/2024\/01\/insta-gener-reis-1.png\"><\/a><br \/>\nA l\u2019equip de Petits, el primer dia d\u2019escola va ser un dia molt especial! En arribar vam trobar uns regals i una carta! Vam decidir trobar-nos totes i tots al passad\u00eds i descobrir que ens havien portat. Quins nervis!! Tots i totes vam poder&hellip;  <a href=\"https:\/\/agora.xtec.cat\/ceiprossendmontane\/portada\/general\/el-primer-dia-descola-a-lequip-de-petits\/\" title=\"Read EQUIP DE PETITS&#8230; QUIN GRAN DIA!\">Llegeix m\u00e9s\u00bb<\/a><\/p>\n","protected":false},"author":1,"featured_media":0,"comment_status":"closed","ping_status":"closed","sticky":false,"template":"","format":"standard","meta":{"_bbp_topic_count":0,"_bbp_reply_count":0,"_bbp_total_topic_count":0,"_bbp_total_reply_count":0,"_bbp_voice_count":0,"_bbp_anonymous_reply_count":0,"_bbp_topic_count_hidden":0,"_bbp_reply_count_hidden":0,"_bbp_forum_subforum_count":0,"footnotes":""},"categories":[1,3,8,9,2,4],"tags":[102,68,67,77,83,88],"class_list":["post-1256","post","type-post","status-publish","format-standard","hentry","category-general","category-i3","category-i4","category-i5","category-infantil","category-portada","tag-els-reis","tag-equip-petits","tag-fem-escola","tag-i3","tag-i4","tag-i5"],"post_mailing_queue_ids":[],"_links":{"self":[{"href":"https:\/\/agora.xtec.cat\/ceiprossendmontane\/wp-json\/wp\/v2\/posts\/1256","targetHints":{"allow":["GET"]}}],"collection":[{"href":"https:\/\/agora.xtec.cat\/ceiprossendmontane\/wp-json\/wp\/v2\/posts"}],"about":[{"href":"https:\/\/agora.xtec.cat\/ceiprossendmontane\/wp-json\/wp\/v2\/types\/post"}],"author":[{"embeddable":true,"href":"https:\/\/agora.xtec.cat\/ceiprossendmontane\/wp-json\/wp\/v2\/users\/1"}],"replies":[{"embeddable":true,"href":"https:\/\/agora.xtec.cat\/ceiprossendmontane\/wp-json\/wp\/v2\/comments?post=1256"}],"version-history":[{"count":6,"href":"https:\/\/agora.xtec.cat\/ceiprossendmontane\/wp-json\/wp\/v2\/posts\/1256\/revisions"}],"predecessor-version":[{"id":1268,"href":"https:\/\/agora.xtec.cat\/ceiprossendmontane\/wp-json\/wp\/v2\/posts\/1256\/revisions\/1268"}],"wp:attachment":[{"href":"https:\/\/agora.xtec.cat\/ceiprossendmontane\/wp-json\/wp\/v2\/media?parent=1256"}],"wp:term":[{"taxonomy":"category","embeddable":true,"href":"https:\/\/agora.xtec.cat\/ceiprossendmontane\/wp-json\/wp\/v2\/categories?post=1256"},{"taxonomy":"post_tag","embeddable":true,"href":"https:\/\/agora.xtec.cat\/ceiprossendmontane\/wp-json\/wp\/v2\/tags?post=1256"}],"curies":[{"name":"wp","href":"https:\/\/api.w.org\/{rel}","templated":true}]}}