{"id":1233,"date":"2024-01-18T12:56:56","date_gmt":"2024-01-18T11:56:56","guid":{"rendered":"https:\/\/agora.xtec.cat\/ceiprossendmontane\/?p=1233"},"modified":"2024-01-18T12:57:27","modified_gmt":"2024-01-18T11:57:27","slug":"observem-els-astres","status":"publish","type":"post","link":"https:\/\/agora.xtec.cat\/ceiprossendmontane\/portada\/general\/observem-els-astres\/","title":{"rendered":"OBSERVEM ELS ASTRES!"},"content":{"rendered":"<p><a href=\"https:\/\/agora.xtec.cat\/ceiprossendmontane\/wp-content\/uploads\/usu2330\/2024\/01\/astres-1.jpg\"><img loading=\"lazy\" decoding=\"async\" class=\"aligncenter wp-image-1231\" src=\"https:\/\/agora.xtec.cat\/ceiprossendmontane\/wp-content\/uploads\/usu2330\/2024\/01\/astres-1.jpg\" alt=\"\" width=\"569\" height=\"402\" srcset=\"https:\/\/agora.xtec.cat\/ceiprossendmontane\/wp-content\/uploads\/usu2330\/2024\/01\/astres-1.jpg 2000w, https:\/\/agora.xtec.cat\/ceiprossendmontane\/wp-content\/uploads\/usu2330\/2024\/01\/astres-1-300x212.jpg 300w, https:\/\/agora.xtec.cat\/ceiprossendmontane\/wp-content\/uploads\/usu2330\/2024\/01\/astres-1-1024x724.jpg 1024w, https:\/\/agora.xtec.cat\/ceiprossendmontane\/wp-content\/uploads\/usu2330\/2024\/01\/astres-1-768x543.jpg 768w, https:\/\/agora.xtec.cat\/ceiprossendmontane\/wp-content\/uploads\/usu2330\/2024\/01\/astres-1-1536x1086.jpg 1536w\" sizes=\"auto, (max-width: 569px) 100vw, 569px\" \/><\/a><\/p>\n<p>&nbsp;<\/p>\n<p><span style=\"font-weight: 400;\">Despr\u00e9s de les vacances de Nadal, on hem pogut descansar i gaudir de la fam\u00edlia, hem comen\u00e7at el segon trimestre amb moltes forces i l\u2019hem encetat amb el projecte de l\u2019univers.<\/span><\/p>\n<p><span style=\"font-weight: 400;\">A trav\u00e9s del repte \u201cMilers d\u2019anys observant els astres\u201d, ja ens han comen\u00e7at els dubtes i les ganes d\u2019investigar sobre una pila d\u2019interrogants que tenim sobre aquest tema tant i tant extens.<\/span><\/p>\n<p><span style=\"font-weight: 400;\">La setmana passada vam comen\u00e7ar amb una entrevista a les fam\u00edlies sobre qu\u00e8 en saben del cometa Halley i, actualment, ens estem assegurant que la informaci\u00f3 que tenim sobre els astres, els planetes, les estrelles, el Sistema Solar, etc., que sigui ben certes i les tinguem ben clares abans d\u2019endinsar-nos m\u00e9s en nous conceptes.<\/span><\/p>\n<p><span style=\"font-weight: 400;\">De ben segur que aprendrem moltes coses m\u00e9s!<\/span><\/p>\n","protected":false},"excerpt":{"rendered":"<p><a href=\"https:\/\/agora.xtec.cat\/ceiprossendmontane\/wp-content\/uploads\/usu2330\/2024\/01\/astres-1.jpg\"><\/a><br \/>\n&nbsp;<br \/>\nDespr\u00e9s de les vacances de Nadal, on hem pogut descansar i gaudir de la fam\u00edlia, hem comen\u00e7at el segon trimestre amb moltes forces i l\u2019hem encetat amb el projecte de l\u2019univers.<br \/>\nA trav\u00e9s del repte \u201cMilers d\u2019anys observant els astres\u201d, ja ens han comen\u00e7at els&hellip;  <a href=\"https:\/\/agora.xtec.cat\/ceiprossendmontane\/portada\/general\/observem-els-astres\/\" title=\"Read OBSERVEM ELS ASTRES!\">Llegeix m\u00e9s\u00bb<\/a><\/p>\n","protected":false},"author":1,"featured_media":0,"comment_status":"closed","ping_status":"closed","sticky":false,"template":"","format":"standard","meta":{"_bbp_topic_count":0,"_bbp_reply_count":0,"_bbp_total_topic_count":0,"_bbp_total_reply_count":0,"_bbp_voice_count":0,"_bbp_anonymous_reply_count":0,"_bbp_topic_count_hidden":0,"_bbp_reply_count_hidden":0,"_bbp_forum_subforum_count":0,"footnotes":""},"categories":[13,1],"tags":[78],"class_list":["post-1233","post","type-post","status-publish","format-standard","hentry","category-4t","category-general","tag-4t"],"post_mailing_queue_ids":[],"_links":{"self":[{"href":"https:\/\/agora.xtec.cat\/ceiprossendmontane\/wp-json\/wp\/v2\/posts\/1233","targetHints":{"allow":["GET"]}}],"collection":[{"href":"https:\/\/agora.xtec.cat\/ceiprossendmontane\/wp-json\/wp\/v2\/posts"}],"about":[{"href":"https:\/\/agora.xtec.cat\/ceiprossendmontane\/wp-json\/wp\/v2\/types\/post"}],"author":[{"embeddable":true,"href":"https:\/\/agora.xtec.cat\/ceiprossendmontane\/wp-json\/wp\/v2\/users\/1"}],"replies":[{"embeddable":true,"href":"https:\/\/agora.xtec.cat\/ceiprossendmontane\/wp-json\/wp\/v2\/comments?post=1233"}],"version-history":[{"count":2,"href":"https:\/\/agora.xtec.cat\/ceiprossendmontane\/wp-json\/wp\/v2\/posts\/1233\/revisions"}],"predecessor-version":[{"id":1235,"href":"https:\/\/agora.xtec.cat\/ceiprossendmontane\/wp-json\/wp\/v2\/posts\/1233\/revisions\/1235"}],"wp:attachment":[{"href":"https:\/\/agora.xtec.cat\/ceiprossendmontane\/wp-json\/wp\/v2\/media?parent=1233"}],"wp:term":[{"taxonomy":"category","embeddable":true,"href":"https:\/\/agora.xtec.cat\/ceiprossendmontane\/wp-json\/wp\/v2\/categories?post=1233"},{"taxonomy":"post_tag","embeddable":true,"href":"https:\/\/agora.xtec.cat\/ceiprossendmontane\/wp-json\/wp\/v2\/tags?post=1233"}],"curies":[{"name":"wp","href":"https:\/\/api.w.org\/{rel}","templated":true}]}}