{"id":1226,"date":"2024-01-18T12:52:46","date_gmt":"2024-01-18T11:52:46","guid":{"rendered":"https:\/\/agora.xtec.cat\/ceiprossendmontane\/?p=1226"},"modified":"2024-01-18T12:53:21","modified_gmt":"2024-01-18T11:53:21","slug":"aprenem-robotica","status":"publish","type":"post","link":"https:\/\/agora.xtec.cat\/ceiprossendmontane\/portada\/general\/aprenem-robotica\/","title":{"rendered":"APRENEM ROB\u00d2TICA"},"content":{"rendered":"<p><a href=\"https:\/\/agora.xtec.cat\/ceiprossendmontane\/wp-content\/uploads\/usu2330\/2024\/01\/robotica.jpg\"><img loading=\"lazy\" decoding=\"async\" class=\"aligncenter wp-image-1227\" src=\"https:\/\/agora.xtec.cat\/ceiprossendmontane\/wp-content\/uploads\/usu2330\/2024\/01\/robotica.jpg\" alt=\"\" width=\"568\" height=\"401\" srcset=\"https:\/\/agora.xtec.cat\/ceiprossendmontane\/wp-content\/uploads\/usu2330\/2024\/01\/robotica.jpg 2000w, https:\/\/agora.xtec.cat\/ceiprossendmontane\/wp-content\/uploads\/usu2330\/2024\/01\/robotica-300x212.jpg 300w, https:\/\/agora.xtec.cat\/ceiprossendmontane\/wp-content\/uploads\/usu2330\/2024\/01\/robotica-1024x724.jpg 1024w, https:\/\/agora.xtec.cat\/ceiprossendmontane\/wp-content\/uploads\/usu2330\/2024\/01\/robotica-768x543.jpg 768w, https:\/\/agora.xtec.cat\/ceiprossendmontane\/wp-content\/uploads\/usu2330\/2024\/01\/robotica-1536x1086.jpg 1536w\" sizes=\"auto, (max-width: 568px) 100vw, 568px\" \/><\/a><\/p>\n<p>&nbsp;<\/p>\n<p><span style=\"font-weight: 400;\">Els dimarts a la tarda, l\u2019equip de mitjans fem tallers. En un dels tallers que fem, treballem el pensament computacional. \u00c9s a dir, treballem la capacitat de resoldre problemes de manera estructurada i l\u00f2gica a trav\u00e9s de la inform\u00e0tica. En aquest cas disposem d\u2019un <\/span><i><span style=\"font-weight: 400;\">Probot<\/span><\/i><span style=\"font-weight: 400;\">, un cotxe robot, que li hem de donar ordres perqu\u00e8 es mogui cap a on nosaltres volem.<\/span><\/p>\n<p><span style=\"font-weight: 400;\">Primer de tot ens familiaritzem amb el <\/span><i><span style=\"font-weight: 400;\">Probot<\/span><\/i><span style=\"font-weight: 400;\"> i aprenem com funciona. A continuaci\u00f3, creem circuits amb peces de construcci\u00f3 per fer moure el cotxe per all\u00e0 on volem. Per \u00faltim, treballem en equip per dibuixar el nostre poble en un paper d\u2019embalar gran. La finalitat \u00e9s fer moure el cotxe pel dibuix de Sant Pere Molanta. <\/span><\/p>\n","protected":false},"excerpt":{"rendered":"<p><a href=\"https:\/\/agora.xtec.cat\/ceiprossendmontane\/wp-content\/uploads\/usu2330\/2024\/01\/robotica.jpg\"><\/a><br \/>\n&nbsp;<br \/>\nEls dimarts a la tarda, l\u2019equip de mitjans fem tallers. En un dels tallers que fem, treballem el pensament computacional. \u00c9s a dir, treballem la capacitat de resoldre problemes de manera estructurada i l\u00f2gica a trav\u00e9s de la inform\u00e0tica. En aquest cas disposem d\u2019un&hellip;  <a href=\"https:\/\/agora.xtec.cat\/ceiprossendmontane\/portada\/general\/aprenem-robotica\/\" title=\"Read APRENEM ROB\u00d2TICA\">Llegeix m\u00e9s\u00bb<\/a><\/p>\n","protected":false},"author":1,"featured_media":0,"comment_status":"closed","ping_status":"closed","sticky":false,"template":"","format":"standard","meta":{"_bbp_topic_count":0,"_bbp_reply_count":0,"_bbp_total_topic_count":0,"_bbp_total_reply_count":0,"_bbp_voice_count":0,"_bbp_anonymous_reply_count":0,"_bbp_topic_count_hidden":0,"_bbp_reply_count_hidden":0,"_bbp_forum_subforum_count":0,"footnotes":""},"categories":[10,1],"tags":[74],"class_list":["post-1226","post","type-post","status-publish","format-standard","hentry","category-1r","category-general","tag-1r"],"post_mailing_queue_ids":[],"_links":{"self":[{"href":"https:\/\/agora.xtec.cat\/ceiprossendmontane\/wp-json\/wp\/v2\/posts\/1226","targetHints":{"allow":["GET"]}}],"collection":[{"href":"https:\/\/agora.xtec.cat\/ceiprossendmontane\/wp-json\/wp\/v2\/posts"}],"about":[{"href":"https:\/\/agora.xtec.cat\/ceiprossendmontane\/wp-json\/wp\/v2\/types\/post"}],"author":[{"embeddable":true,"href":"https:\/\/agora.xtec.cat\/ceiprossendmontane\/wp-json\/wp\/v2\/users\/1"}],"replies":[{"embeddable":true,"href":"https:\/\/agora.xtec.cat\/ceiprossendmontane\/wp-json\/wp\/v2\/comments?post=1226"}],"version-history":[{"count":1,"href":"https:\/\/agora.xtec.cat\/ceiprossendmontane\/wp-json\/wp\/v2\/posts\/1226\/revisions"}],"predecessor-version":[{"id":1228,"href":"https:\/\/agora.xtec.cat\/ceiprossendmontane\/wp-json\/wp\/v2\/posts\/1226\/revisions\/1228"}],"wp:attachment":[{"href":"https:\/\/agora.xtec.cat\/ceiprossendmontane\/wp-json\/wp\/v2\/media?parent=1226"}],"wp:term":[{"taxonomy":"category","embeddable":true,"href":"https:\/\/agora.xtec.cat\/ceiprossendmontane\/wp-json\/wp\/v2\/categories?post=1226"},{"taxonomy":"post_tag","embeddable":true,"href":"https:\/\/agora.xtec.cat\/ceiprossendmontane\/wp-json\/wp\/v2\/tags?post=1226"}],"curies":[{"name":"wp","href":"https:\/\/api.w.org\/{rel}","templated":true}]}}