{"id":1216,"date":"2023-12-18T15:43:21","date_gmt":"2023-12-18T14:43:21","guid":{"rendered":"https:\/\/agora.xtec.cat\/ceiprossendmontane\/?p=1216"},"modified":"2023-12-18T15:44:13","modified_gmt":"2023-12-18T14:44:13","slug":"concert-de-nadal","status":"publish","type":"post","link":"https:\/\/agora.xtec.cat\/ceiprossendmontane\/portada\/general\/concert-de-nadal\/","title":{"rendered":"CONCERT DE NADAL"},"content":{"rendered":"<p>&nbsp;<\/p>\n<p><a href=\"https:\/\/agora.xtec.cat\/ceiprossendmontane\/wp-content\/uploads\/usu2330\/2023\/12\/Preparem-el-festival.png\"><img loading=\"lazy\" decoding=\"async\" class=\"aligncenter wp-image-1217\" src=\"https:\/\/agora.xtec.cat\/ceiprossendmontane\/wp-content\/uploads\/usu2330\/2023\/12\/Preparem-el-festival.png\" alt=\"\" width=\"590\" height=\"362\" srcset=\"https:\/\/agora.xtec.cat\/ceiprossendmontane\/wp-content\/uploads\/usu2330\/2023\/12\/Preparem-el-festival.png 1414w, https:\/\/agora.xtec.cat\/ceiprossendmontane\/wp-content\/uploads\/usu2330\/2023\/12\/Preparem-el-festival-300x184.png 300w, https:\/\/agora.xtec.cat\/ceiprossendmontane\/wp-content\/uploads\/usu2330\/2023\/12\/Preparem-el-festival-1024x629.png 1024w, https:\/\/agora.xtec.cat\/ceiprossendmontane\/wp-content\/uploads\/usu2330\/2023\/12\/Preparem-el-festival-768x471.png 768w\" sizes=\"auto, (max-width: 590px) 100vw, 590px\" \/><\/a><\/p>\n<p>&nbsp;<\/p>\n<p><span style=\"font-weight: 400;\">S\u2019acosta el final del trimestre i amb ell, un dels dies m\u00e9s especials de l\u2019any: el festival de Nadal! Des de les \u00e0rees de m\u00fasica i angl\u00e8s estem preparant les can\u00e7ons amb molta il\u00b7lusi\u00f3! Aquesta setmana les hem anat assajant amb els nostres companys i companyes i ens ho hem passat molt b\u00e9. Us deixem els t\u00edtols de les can\u00e7ons que cantarem el proper dimecres:<\/span><\/p>\n<p><span style=\"font-weight: 400;\"><strong>i3<\/strong>: A Betlem va n\u00e9ixer un dia (popularitzada)<\/span><\/p>\n<p><span style=\"font-weight: 400;\"><strong>i4:<\/strong> Ja ve Nadal (J. Holastok)<\/span><\/p>\n<p><span style=\"font-weight: 400;\"><strong>i5:<\/strong>\u00a0 Llums de Nadal\u00a0<\/span><\/p>\n<p><span style=\"font-weight: 400;\"><strong>Equip petits junts:<\/strong> Santa Claus Rock<\/span><\/p>\n<p><span style=\"font-weight: 400;\"><strong>1r:<\/strong> El Nadal ja \u00e9s aqu\u00ed (Pot Petit)\u00a0<\/span><\/p>\n<p><span style=\"font-weight: 400;\"><strong>2n<\/strong>: Avui \u00e9s Nadal (Els Atrapasomnis)<\/span><\/p>\n<p><span style=\"font-weight: 400;\"><strong>1r i 2n junts:<\/strong> Christmas makes me sing<\/span><\/p>\n<p><span style=\"font-weight: 400;\"><strong>3r<\/strong>: Voldria passar un Nadal com cal (Xavi Gonz\u00e1lez Cabr\u00e9 i Anna Llopart Mestres)<\/span><\/p>\n<p><span style=\"font-weight: 400;\"><strong>4t:<\/strong> Jo soc el caganer (Ferran Andechaga i sergi Esparza)<\/span><\/p>\n<p><span style=\"font-weight: 400;\"><strong>3r i 4t junts:<\/strong> Holly Jolly Christmas (versi\u00f3 de Michael Bubl\u00e9)<\/span><\/p>\n<p><span style=\"font-weight: 400;\"><strong>5\u00e8:<\/strong>\u00a0 Desig de Nadal (Petit Taller de Can\u00e7ons)<\/span><\/p>\n<p><span style=\"font-weight: 400;\"><strong>6\u00e8:<\/strong> Nadal per sempre (Pele MacLeod)<\/span><\/p>\n<p><span style=\"font-weight: 400;\"><strong>5\u00e8 i 6\u00e8 junts:<\/strong> Shake up Christmas (versi\u00f3 de Train)<\/span><\/p>\n<p>&nbsp;<\/p>\n<p style=\"text-align: center;\"><strong>US ESPEREM!<\/strong><\/p>\n","protected":false},"excerpt":{"rendered":"<p>&nbsp;<br \/>\n<a href=\"https:\/\/agora.xtec.cat\/ceiprossendmontane\/wp-content\/uploads\/usu2330\/2023\/12\/Preparem-el-festival.png\"><\/a><br \/>\n&nbsp;<br \/>\nS\u2019acosta el final del trimestre i amb ell, un dels dies m\u00e9s especials de l\u2019any: el festival de Nadal! Des de les \u00e0rees de m\u00fasica i angl\u00e8s estem preparant les can\u00e7ons amb molta il\u00b7lusi\u00f3! Aquesta setmana les hem anat assajant amb els nostres companys&hellip;  <a href=\"https:\/\/agora.xtec.cat\/ceiprossendmontane\/portada\/general\/concert-de-nadal\/\" title=\"Read CONCERT DE NADAL\">Llegeix m\u00e9s\u00bb<\/a><\/p>\n","protected":false},"author":1,"featured_media":0,"comment_status":"closed","ping_status":"closed","sticky":false,"template":"","format":"standard","meta":{"_bbp_topic_count":0,"_bbp_reply_count":0,"_bbp_total_topic_count":0,"_bbp_total_reply_count":0,"_bbp_voice_count":0,"_bbp_anonymous_reply_count":0,"_bbp_topic_count_hidden":0,"_bbp_reply_count_hidden":0,"_bbp_forum_subforum_count":0,"footnotes":""},"categories":[1],"tags":[101,99,70,69,68,100,98],"class_list":["post-1216","post","type-post","status-publish","format-standard","hentry","category-general","tag-angles","tag-concert","tag-equip-grans","tag-equip-mitjans","tag-equip-petits","tag-musica","tag-nadal"],"post_mailing_queue_ids":[],"_links":{"self":[{"href":"https:\/\/agora.xtec.cat\/ceiprossendmontane\/wp-json\/wp\/v2\/posts\/1216","targetHints":{"allow":["GET"]}}],"collection":[{"href":"https:\/\/agora.xtec.cat\/ceiprossendmontane\/wp-json\/wp\/v2\/posts"}],"about":[{"href":"https:\/\/agora.xtec.cat\/ceiprossendmontane\/wp-json\/wp\/v2\/types\/post"}],"author":[{"embeddable":true,"href":"https:\/\/agora.xtec.cat\/ceiprossendmontane\/wp-json\/wp\/v2\/users\/1"}],"replies":[{"embeddable":true,"href":"https:\/\/agora.xtec.cat\/ceiprossendmontane\/wp-json\/wp\/v2\/comments?post=1216"}],"version-history":[{"count":2,"href":"https:\/\/agora.xtec.cat\/ceiprossendmontane\/wp-json\/wp\/v2\/posts\/1216\/revisions"}],"predecessor-version":[{"id":1219,"href":"https:\/\/agora.xtec.cat\/ceiprossendmontane\/wp-json\/wp\/v2\/posts\/1216\/revisions\/1219"}],"wp:attachment":[{"href":"https:\/\/agora.xtec.cat\/ceiprossendmontane\/wp-json\/wp\/v2\/media?parent=1216"}],"wp:term":[{"taxonomy":"category","embeddable":true,"href":"https:\/\/agora.xtec.cat\/ceiprossendmontane\/wp-json\/wp\/v2\/categories?post=1216"},{"taxonomy":"post_tag","embeddable":true,"href":"https:\/\/agora.xtec.cat\/ceiprossendmontane\/wp-json\/wp\/v2\/tags?post=1216"}],"curies":[{"name":"wp","href":"https:\/\/api.w.org\/{rel}","templated":true}]}}