{"id":1211,"date":"2023-12-14T13:40:30","date_gmt":"2023-12-14T12:40:30","guid":{"rendered":"https:\/\/agora.xtec.cat\/ceiprossendmontane\/?p=1211"},"modified":"2023-12-14T13:41:25","modified_gmt":"2023-12-14T12:41:25","slug":"projecte-entrepans","status":"publish","type":"post","link":"https:\/\/agora.xtec.cat\/ceiprossendmontane\/portada\/general\/projecte-entrepans\/","title":{"rendered":"PROJECTE ENTREPANS!"},"content":{"rendered":"<p>&nbsp;<\/p>\n<p><a href=\"https:\/\/agora.xtec.cat\/ceiprossendmontane\/wp-content\/uploads\/usu2330\/2023\/12\/educacio-especial.jpg\"><img loading=\"lazy\" decoding=\"async\" class=\"aligncenter wp-image-1212\" src=\"https:\/\/agora.xtec.cat\/ceiprossendmontane\/wp-content\/uploads\/usu2330\/2023\/12\/educacio-especial.jpg\" alt=\"\" width=\"371\" height=\"371\" srcset=\"https:\/\/agora.xtec.cat\/ceiprossendmontane\/wp-content\/uploads\/usu2330\/2023\/12\/educacio-especial.jpg 652w, https:\/\/agora.xtec.cat\/ceiprossendmontane\/wp-content\/uploads\/usu2330\/2023\/12\/educacio-especial-300x300.jpg 300w, https:\/\/agora.xtec.cat\/ceiprossendmontane\/wp-content\/uploads\/usu2330\/2023\/12\/educacio-especial-150x150.jpg 150w\" sizes=\"auto, (max-width: 371px) 100vw, 371px\" \/><\/a><\/p>\n<p>El Projecte dels Entrepans ens permet treballar moltes \u00e0rees d\u2019una manera m\u00e9s vivencial i funcional. No nom\u00e9s fem entrepans, no\u2026 Abans de fer-los hem fet moltes coses!! Com:<\/p>\n<ul>\n<li>Observar el mapa del poble i situar-nos en ell.<\/li>\n<li>Anar a veure els comer\u00e7os que hi ha i quins ens poden servir per comprar el que ens interessa.<\/li>\n<li>Calcular les dist\u00e0ncies que hi ha entre l\u2019escola i la fleca o la carnisseria i veure quin \u00e9s el cam\u00ed m\u00e9s curt.<\/li>\n<li>Crear les nostres llistes i pensar que hi posem i com ho posem.<\/li>\n<li>Crear i dissenyar cartells i tiquets de venda.<\/li>\n<li>Fer els nostres c\u00e0lculs per veure quan ens gastem en total, treballar el sistema monetari.<\/li>\n<\/ul>\n<p>I moltes altres tasques!!! A m\u00e9s a m\u00e9s, tenim moltes idees que les volem portar a terme i una d\u2019elles \u00e9s poder fer els entrepans als nostres companys\/es!!!<\/p>\n<p>&nbsp;<\/p>\n<p>Ja us anirem informant!!<\/p>\n","protected":false},"excerpt":{"rendered":"<p>&nbsp;<br \/>\n<a href=\"https:\/\/agora.xtec.cat\/ceiprossendmontane\/wp-content\/uploads\/usu2330\/2023\/12\/educacio-especial.jpg\"><\/a><br \/>\nEl Projecte dels Entrepans ens permet treballar moltes \u00e0rees d\u2019una manera m\u00e9s vivencial i funcional. No nom\u00e9s fem entrepans, no\u2026 Abans de fer-los hem fet moltes coses!! Com:<\/p>\n<ul>\n<li>Observar el mapa del poble i situar-nos en ell.<\/li>\n<li>Anar a veure els comer\u00e7os que hi ha i&hellip;  <a href=\"https:\/\/agora.xtec.cat\/ceiprossendmontane\/portada\/general\/projecte-entrepans\/\" title=\"Read PROJECTE ENTREPANS!\">Llegeix m\u00e9s\u00bb<\/a><br \/>\n","protected":false},"author":1,"featured_media":0,"comment_status":"closed","ping_status":"closed","sticky":false,"template":"","format":"standard","meta":{"_bbp_topic_count":0,"_bbp_reply_count":0,"_bbp_total_topic_count":0,"_bbp_total_reply_count":0,"_bbp_voice_count":0,"_bbp_anonymous_reply_count":0,"_bbp_topic_count_hidden":0,"_bbp_reply_count_hidden":0,"_bbp_forum_subforum_count":0,"footnotes":""},"categories":[1],"tags":[97],"class_list":["post-1211","post","type-post","status-publish","format-standard","hentry","category-general","tag-educacio-especial"],"post_mailing_queue_ids":[],"_links":{"self":[{"href":"https:\/\/agora.xtec.cat\/ceiprossendmontane\/wp-json\/wp\/v2\/posts\/1211","targetHints":{"allow":["GET"]}}],"collection":[{"href":"https:\/\/agora.xtec.cat\/ceiprossendmontane\/wp-json\/wp\/v2\/posts"}],"about":[{"href":"https:\/\/agora.xtec.cat\/ceiprossendmontane\/wp-json\/wp\/v2\/types\/post"}],"author":[{"embeddable":true,"href":"https:\/\/agora.xtec.cat\/ceiprossendmontane\/wp-json\/wp\/v2\/users\/1"}],"replies":[{"embeddable":true,"href":"https:\/\/agora.xtec.cat\/ceiprossendmontane\/wp-json\/wp\/v2\/comments?post=1211"}],"version-history":[{"count":3,"href":"https:\/\/agora.xtec.cat\/ceiprossendmontane\/wp-json\/wp\/v2\/posts\/1211\/revisions"}],"predecessor-version":[{"id":1215,"href":"https:\/\/agora.xtec.cat\/ceiprossendmontane\/wp-json\/wp\/v2\/posts\/1211\/revisions\/1215"}],"wp:attachment":[{"href":"https:\/\/agora.xtec.cat\/ceiprossendmontane\/wp-json\/wp\/v2\/media?parent=1211"}],"wp:term":[{"taxonomy":"category","embeddable":true,"href":"https:\/\/agora.xtec.cat\/ceiprossendmontane\/wp-json\/wp\/v2\/categories?post=1211"},{"taxonomy":"post_tag","embeddable":true,"href":"https:\/\/agora.xtec.cat\/ceiprossendmontane\/wp-json\/wp\/v2\/tags?post=1211"}],"curies":[{"name":"wp","href":"https:\/\/api.w.org\/{rel}","templated":true}]}}