{"id":1201,"date":"2023-12-14T13:34:17","date_gmt":"2023-12-14T12:34:17","guid":{"rendered":"https:\/\/agora.xtec.cat\/ceiprossendmontane\/?p=1201"},"modified":"2023-12-14T13:34:17","modified_gmt":"2023-12-14T12:34:17","slug":"ens-encanta-psico","status":"publish","type":"post","link":"https:\/\/agora.xtec.cat\/ceiprossendmontane\/portada\/general\/ens-encanta-psico\/","title":{"rendered":"ENS ENCANTA &#8220;PSICO&#8221;!"},"content":{"rendered":"<p>&nbsp;<\/p>\n<p><a href=\"https:\/\/agora.xtec.cat\/ceiprossendmontane\/wp-content\/uploads\/usu2330\/2023\/12\/psico-2.jpg\"><img loading=\"lazy\" decoding=\"async\" class=\"aligncenter size-full wp-image-1204\" src=\"https:\/\/agora.xtec.cat\/ceiprossendmontane\/wp-content\/uploads\/usu2330\/2023\/12\/psico-2.jpg\" alt=\"\" width=\"722\" height=\"406\" srcset=\"https:\/\/agora.xtec.cat\/ceiprossendmontane\/wp-content\/uploads\/usu2330\/2023\/12\/psico-2.jpg 722w, https:\/\/agora.xtec.cat\/ceiprossendmontane\/wp-content\/uploads\/usu2330\/2023\/12\/psico-2-300x169.jpg 300w\" sizes=\"auto, (max-width: 722px) 100vw, 722px\" \/><\/a><\/p>\n<p><span style=\"font-weight: 400;\">A Infantil ens encanten les sessions de PSICOMOTRICITAT. \u201cPSICO\u201d li diem\u2026<\/span><\/p>\n<p><span style=\"font-weight: 400;\">Sabeu el que \u00e9s?<\/span><\/p>\n<p><span style=\"font-weight: 400;\">No \u00e9s nom\u00e9s jugar, sin\u00f3 que \u00e9s un espai on treballem la descoberta d\u2019un mateix i dels altres. Posem l\u2019accent en aprendre a ser i a estar amb els altres, \u00e9s a dir, a conviure. Els continguts principals de l\u2019\u00e0rea s\u00f3n l\u2019autoconeixement i gesti\u00f3 de les emocions; joc i moviment; relacions afectives i comunicatives; autonomia personal i relacional.<\/span><\/p>\n<p><b>Bernat Aucouturier defineix la psicomotricitat d\u2019aquesta manera:<\/b><\/p>\n<p><b>\u201c<\/b><b><i>La psicomotricitat \u00e9s una pr\u00e0ctica que ofereix a l\u2019infant, a trav\u00e9s d\u2019un dispositiu d\u2019espai i temps, la possibilitat de fer un proc\u00e9s de maduraci\u00f3 psicol\u00f2gica i emocional, a trav\u00e9s de la via del cos i el moviment.\u201d<\/i><\/b><\/p>\n<p><span style=\"font-weight: 400;\">Les mestres estem presents i atenent a les necessitats que el grup presenta, en les seves iniciatives o mancances, per tal de suggerir activitats: per desenvolupar les habilitats motrius b\u00e0siques (despla\u00e7aments, salts, girs, equilibris, llan\u00e7aments, bot i recepcions), construccions, joc simb\u00f2lic, circuits motrius amb material divers, jocs preesportius, jocs col\u00b7lectius, etc.<\/span><\/p>\n<p><span style=\"font-weight: 400;\">La part final de la sessi\u00f3 hi ha la fase d\u2019abstracci\u00f3 del pensament: el que ha viscut a la sessi\u00f3 de Psico, ho expressen verbalment o mitjan\u00e7ant el dibuix, construcci\u00f3 amb plastilina o altre material.<\/span><\/p>\n<p><span style=\"font-weight: 400;\">Tamb\u00e9 treballem l\u2019autonomia de recollir el material utilitzat, posar-nos i treure\u2019ns vambes i mitjons sols, i fem activitats de tornada a la calma o relaxaci\u00f3.<\/span><\/p>\n","protected":false},"excerpt":{"rendered":"<p>&nbsp;<br \/>\n<a href=\"https:\/\/agora.xtec.cat\/ceiprossendmontane\/wp-content\/uploads\/usu2330\/2023\/12\/psico-2.jpg\"><\/a><br \/>\nA Infantil ens encanten les sessions de PSICOMOTRICITAT. \u201cPSICO\u201d li diem\u2026<br \/>\nSabeu el que \u00e9s?<br \/>\nNo \u00e9s nom\u00e9s jugar, sin\u00f3 que \u00e9s un espai on treballem la descoberta d\u2019un mateix i dels altres. Posem l\u2019accent en aprendre a ser i a estar amb els altres, \u00e9s&hellip;  <a href=\"https:\/\/agora.xtec.cat\/ceiprossendmontane\/portada\/general\/ens-encanta-psico\/\" title=\"Read ENS ENCANTA &#8220;PSICO&#8221;!\">Llegeix m\u00e9s\u00bb<\/a><\/p>\n","protected":false},"author":1,"featured_media":0,"comment_status":"closed","ping_status":"closed","sticky":false,"template":"","format":"standard","meta":{"_bbp_topic_count":0,"_bbp_reply_count":0,"_bbp_total_topic_count":0,"_bbp_total_reply_count":0,"_bbp_voice_count":0,"_bbp_anonymous_reply_count":0,"_bbp_topic_count_hidden":0,"_bbp_reply_count_hidden":0,"_bbp_forum_subforum_count":0,"footnotes":""},"categories":[1,9],"tags":[68,18],"class_list":["post-1201","post","type-post","status-publish","format-standard","hentry","category-general","category-i5","tag-equip-petits","tag-psicomotricitat"],"post_mailing_queue_ids":[],"_links":{"self":[{"href":"https:\/\/agora.xtec.cat\/ceiprossendmontane\/wp-json\/wp\/v2\/posts\/1201","targetHints":{"allow":["GET"]}}],"collection":[{"href":"https:\/\/agora.xtec.cat\/ceiprossendmontane\/wp-json\/wp\/v2\/posts"}],"about":[{"href":"https:\/\/agora.xtec.cat\/ceiprossendmontane\/wp-json\/wp\/v2\/types\/post"}],"author":[{"embeddable":true,"href":"https:\/\/agora.xtec.cat\/ceiprossendmontane\/wp-json\/wp\/v2\/users\/1"}],"replies":[{"embeddable":true,"href":"https:\/\/agora.xtec.cat\/ceiprossendmontane\/wp-json\/wp\/v2\/comments?post=1201"}],"version-history":[{"count":1,"href":"https:\/\/agora.xtec.cat\/ceiprossendmontane\/wp-json\/wp\/v2\/posts\/1201\/revisions"}],"predecessor-version":[{"id":1205,"href":"https:\/\/agora.xtec.cat\/ceiprossendmontane\/wp-json\/wp\/v2\/posts\/1201\/revisions\/1205"}],"wp:attachment":[{"href":"https:\/\/agora.xtec.cat\/ceiprossendmontane\/wp-json\/wp\/v2\/media?parent=1201"}],"wp:term":[{"taxonomy":"category","embeddable":true,"href":"https:\/\/agora.xtec.cat\/ceiprossendmontane\/wp-json\/wp\/v2\/categories?post=1201"},{"taxonomy":"post_tag","embeddable":true,"href":"https:\/\/agora.xtec.cat\/ceiprossendmontane\/wp-json\/wp\/v2\/tags?post=1201"}],"curies":[{"name":"wp","href":"https:\/\/api.w.org\/{rel}","templated":true}]}}