{"id":1193,"date":"2023-12-12T10:20:44","date_gmt":"2023-12-12T09:20:44","guid":{"rendered":"https:\/\/agora.xtec.cat\/ceiprossendmontane\/?p=1193"},"modified":"2023-12-12T10:24:54","modified_gmt":"2023-12-12T09:24:54","slug":"el-viatge-de-les-emocions","status":"publish","type":"post","link":"https:\/\/agora.xtec.cat\/ceiprossendmontane\/portada\/general\/el-viatge-de-les-emocions\/","title":{"rendered":"EL VIATGE DE LES EMOCIONS"},"content":{"rendered":"<p><a href=\"https:\/\/agora.xtec.cat\/ceiprossendmontane\/wp-content\/uploads\/usu2330\/2023\/12\/viatge.png\"><img loading=\"lazy\" decoding=\"async\" class=\"aligncenter size-medium wp-image-1194\" src=\"https:\/\/agora.xtec.cat\/ceiprossendmontane\/wp-content\/uploads\/usu2330\/2023\/12\/viatge-300x298.png\" alt=\"\" width=\"300\" height=\"298\" srcset=\"https:\/\/agora.xtec.cat\/ceiprossendmontane\/wp-content\/uploads\/usu2330\/2023\/12\/viatge-300x298.png 300w, https:\/\/agora.xtec.cat\/ceiprossendmontane\/wp-content\/uploads\/usu2330\/2023\/12\/viatge-150x150.png 150w, https:\/\/agora.xtec.cat\/ceiprossendmontane\/wp-content\/uploads\/usu2330\/2023\/12\/viatge.png 655w\" sizes=\"auto, (max-width: 300px) 100vw, 300px\" \/><\/a><\/p>\n<p style=\"text-align: left;\"><span style=\"font-weight: 400;\">Pels vols de setembre vam iniciar el projecte emocionAR-Te, relacionant com ens serveix l\u2019art per expressar emocions, sentiments o idees. La classe dels Creatius i Creatives vam poder fer una din\u00e0mica per comen\u00e7ar a mirar dins nostre amb el suport de m\u00fasica, paper i ceres.<\/span><a href=\"https:\/\/agora.xtec.cat\/ceiprossendmontane\/wp-content\/uploads\/usu2330\/2023\/12\/viatge.png\"><br \/>\n<\/a><\/p>\n<p style=\"text-align: left;\"><span style=\"font-weight: 400;\">Ens vam posar c\u00f2modes per tot l\u2019espai, vam tancar els ulls mentre anaven sonant diferents can\u00e7ons. Unes suggerien felicitat, amor i calma mentre d\u2019altres ens feien sentir la r\u00e0bia, la tristesa o la por.\u00a0<\/span><a href=\"https:\/\/agora.xtec.cat\/ceiprossendmontane\/wp-content\/uploads\/usu2330\/2023\/12\/viatge.png\"><br \/>\n<\/a><\/p>\n<p style=\"text-align: left;\"><span style=\"font-weight: 400;\">Va ser un recorregut per totes aquestes emocions on a cadasc\u00fa de nosaltres ens van portar a un lloc. Aquest el vam poder dibuixar, posar-li un t\u00edtol i compartir-ho amb la resta de companys i companyes. Mentre ho f\u00e8iem, tamb\u00e9 explic\u00e0vem quines eren les emocions que ens havien arribat m\u00e9s.\u00a0<\/span><a href=\"https:\/\/agora.xtec.cat\/ceiprossendmontane\/wp-content\/uploads\/usu2330\/2023\/12\/viatge.png\"><br \/>\n<\/a><\/p>\n<p style=\"text-align: left;\"><span style=\"font-weight: 400;\">La classe dels Creatius i Creatives seguim fent aquest viatge d\u2019escolta interna per anar coneixent-nos encara m\u00e9s i millor!<\/span><\/p>\n","protected":false},"excerpt":{"rendered":"<p><a href=\"https:\/\/agora.xtec.cat\/ceiprossendmontane\/wp-content\/uploads\/usu2330\/2023\/12\/viatge.png\"><\/a><br \/>\nPels vols de setembre vam iniciar el projecte emocionAR-Te, relacionant com ens serveix l\u2019art per expressar emocions, sentiments o idees. La classe dels Creatius i Creatives vam poder fer una din\u00e0mica per comen\u00e7ar a mirar dins nostre amb el suport de m\u00fasica, paper i&hellip;  <a href=\"https:\/\/agora.xtec.cat\/ceiprossendmontane\/portada\/general\/el-viatge-de-les-emocions\/\" title=\"Read EL VIATGE DE LES EMOCIONS\">Llegeix m\u00e9s\u00bb<\/a><\/p>\n","protected":false},"author":1,"featured_media":0,"comment_status":"open","ping_status":"closed","sticky":false,"template":"","format":"standard","meta":{"_bbp_topic_count":0,"_bbp_reply_count":0,"_bbp_total_topic_count":0,"_bbp_total_reply_count":0,"_bbp_voice_count":0,"_bbp_anonymous_reply_count":0,"_bbp_topic_count_hidden":0,"_bbp_reply_count_hidden":0,"_bbp_forum_subforum_count":0,"footnotes":""},"categories":[12,1,5],"tags":[95,94,93,69],"class_list":["post-1193","post","type-post","status-publish","format-standard","hentry","category-3r","category-general","category-primaria","tag-3r","tag-emocionar-te","tag-emocions","tag-equip-mitjans"],"post_mailing_queue_ids":[],"_links":{"self":[{"href":"https:\/\/agora.xtec.cat\/ceiprossendmontane\/wp-json\/wp\/v2\/posts\/1193","targetHints":{"allow":["GET"]}}],"collection":[{"href":"https:\/\/agora.xtec.cat\/ceiprossendmontane\/wp-json\/wp\/v2\/posts"}],"about":[{"href":"https:\/\/agora.xtec.cat\/ceiprossendmontane\/wp-json\/wp\/v2\/types\/post"}],"author":[{"embeddable":true,"href":"https:\/\/agora.xtec.cat\/ceiprossendmontane\/wp-json\/wp\/v2\/users\/1"}],"replies":[{"embeddable":true,"href":"https:\/\/agora.xtec.cat\/ceiprossendmontane\/wp-json\/wp\/v2\/comments?post=1193"}],"version-history":[{"count":2,"href":"https:\/\/agora.xtec.cat\/ceiprossendmontane\/wp-json\/wp\/v2\/posts\/1193\/revisions"}],"predecessor-version":[{"id":1196,"href":"https:\/\/agora.xtec.cat\/ceiprossendmontane\/wp-json\/wp\/v2\/posts\/1193\/revisions\/1196"}],"wp:attachment":[{"href":"https:\/\/agora.xtec.cat\/ceiprossendmontane\/wp-json\/wp\/v2\/media?parent=1193"}],"wp:term":[{"taxonomy":"category","embeddable":true,"href":"https:\/\/agora.xtec.cat\/ceiprossendmontane\/wp-json\/wp\/v2\/categories?post=1193"},{"taxonomy":"post_tag","embeddable":true,"href":"https:\/\/agora.xtec.cat\/ceiprossendmontane\/wp-json\/wp\/v2\/tags?post=1193"}],"curies":[{"name":"wp","href":"https:\/\/api.w.org\/{rel}","templated":true}]}}