{"id":1179,"date":"2023-12-04T11:58:02","date_gmt":"2023-12-04T10:58:02","guid":{"rendered":"https:\/\/agora.xtec.cat\/ceiprossendmontane\/?p=1179"},"modified":"2023-12-04T12:00:38","modified_gmt":"2023-12-04T11:00:38","slug":"a-6e-preparem-la-fira-solidaria","status":"publish","type":"post","link":"https:\/\/agora.xtec.cat\/ceiprossendmontane\/portada\/general\/a-6e-preparem-la-fira-solidaria\/","title":{"rendered":"A 6\u00e8 PREPAREM LA FIRA SOLID\u00c0RIA"},"content":{"rendered":"<p>&nbsp;<\/p>\n<p><a href=\"https:\/\/agora.xtec.cat\/ceiprossendmontane\/wp-content\/uploads\/usu2330\/2023\/12\/Captura.jpg\"><img loading=\"lazy\" decoding=\"async\" class=\"wp-image-1180 aligncenter\" src=\"https:\/\/agora.xtec.cat\/ceiprossendmontane\/wp-content\/uploads\/usu2330\/2023\/12\/Captura.jpg\" alt=\"\" width=\"545\" height=\"260\" srcset=\"https:\/\/agora.xtec.cat\/ceiprossendmontane\/wp-content\/uploads\/usu2330\/2023\/12\/Captura.jpg 877w, https:\/\/agora.xtec.cat\/ceiprossendmontane\/wp-content\/uploads\/usu2330\/2023\/12\/Captura-300x143.jpg 300w, https:\/\/agora.xtec.cat\/ceiprossendmontane\/wp-content\/uploads\/usu2330\/2023\/12\/Captura-768x366.jpg 768w\" sizes=\"auto, (max-width: 545px) 100vw, 545px\" \/><\/a><\/p>\n<p>&nbsp;<\/p>\n<p><span style=\"font-weight: 400;\">Els alumnes de 6\u00e8, juntament amb els altres cursos, estem preparant amb molta il\u00b7lusi\u00f3 la Fira Solid\u00e0ria. Ens agrada treballar pel b\u00e9 com\u00fa. Ens estem esfor\u00e7ant per preparar coses boniques per a qu\u00e8 aquell dia sigui una festivitat d\u2019escola.<\/span><\/p>\n<p><span style=\"font-weight: 400;\">Ja estem esperant que arribi aquest dia. Nosaltres hem sigut els encarregats d\u2019explicar als alumnes de prim\u00e0ria la import\u00e0ncia d\u2019ajudar als m\u00e9s necessitats. Tamb\u00e9 hem recordat que hi haur\u00e0 una paradeta de l\u2019ONG Somriures de Bombai i de la bona tasca que fan per ajudar a molta gent en un pa\u00eds molt lluny\u00e0 com \u00e9s l\u2019\u00cdndia.\u00a0<\/span><\/p>\n<p><span style=\"font-weight: 400;\">\u00a0<\/span><span style=\"font-weight: 400;\">No us la perdeu. Us convidem el 5 de desembre de 8:45 a 9:45 i de 14:45 a 15:45. No hi falteu. Entre tots estem ajudant per construir un m\u00f3n millor i m\u00e9s humanitari.<\/span><\/p>\n<p>&nbsp;<\/p>\n","protected":false},"excerpt":{"rendered":"<p>&nbsp;<br \/>\n<a href=\"https:\/\/agora.xtec.cat\/ceiprossendmontane\/wp-content\/uploads\/usu2330\/2023\/12\/Captura.jpg\"><\/a><br \/>\n&nbsp;<br \/>\nEls alumnes de 6\u00e8, juntament amb els altres cursos, estem preparant amb molta il\u00b7lusi\u00f3 la Fira Solid\u00e0ria. Ens agrada treballar pel b\u00e9 com\u00fa. Ens estem esfor\u00e7ant per preparar coses boniques per a qu\u00e8 aquell dia sigui una festivitat d\u2019escola.<br \/>\nJa estem esperant que arribi aquest&hellip;  <a href=\"https:\/\/agora.xtec.cat\/ceiprossendmontane\/portada\/general\/a-6e-preparem-la-fira-solidaria\/\" title=\"Read A 6\u00e8 PREPAREM LA FIRA SOLID\u00c0RIA\">Llegeix m\u00e9s\u00bb<\/a><\/p>\n","protected":false},"author":1,"featured_media":0,"comment_status":"closed","ping_status":"closed","sticky":false,"template":"","format":"standard","meta":{"_bbp_topic_count":0,"_bbp_reply_count":0,"_bbp_total_topic_count":0,"_bbp_total_reply_count":0,"_bbp_voice_count":0,"_bbp_anonymous_reply_count":0,"_bbp_topic_count_hidden":0,"_bbp_reply_count_hidden":0,"_bbp_forum_subforum_count":0,"footnotes":""},"categories":[15,1],"tags":[90,70,89],"class_list":["post-1179","post","type-post","status-publish","format-standard","hentry","category-6e","category-general","tag-6e","tag-equip-grans","tag-fira-solidaria"],"post_mailing_queue_ids":[],"_links":{"self":[{"href":"https:\/\/agora.xtec.cat\/ceiprossendmontane\/wp-json\/wp\/v2\/posts\/1179","targetHints":{"allow":["GET"]}}],"collection":[{"href":"https:\/\/agora.xtec.cat\/ceiprossendmontane\/wp-json\/wp\/v2\/posts"}],"about":[{"href":"https:\/\/agora.xtec.cat\/ceiprossendmontane\/wp-json\/wp\/v2\/types\/post"}],"author":[{"embeddable":true,"href":"https:\/\/agora.xtec.cat\/ceiprossendmontane\/wp-json\/wp\/v2\/users\/1"}],"replies":[{"embeddable":true,"href":"https:\/\/agora.xtec.cat\/ceiprossendmontane\/wp-json\/wp\/v2\/comments?post=1179"}],"version-history":[{"count":3,"href":"https:\/\/agora.xtec.cat\/ceiprossendmontane\/wp-json\/wp\/v2\/posts\/1179\/revisions"}],"predecessor-version":[{"id":1183,"href":"https:\/\/agora.xtec.cat\/ceiprossendmontane\/wp-json\/wp\/v2\/posts\/1179\/revisions\/1183"}],"wp:attachment":[{"href":"https:\/\/agora.xtec.cat\/ceiprossendmontane\/wp-json\/wp\/v2\/media?parent=1179"}],"wp:term":[{"taxonomy":"category","embeddable":true,"href":"https:\/\/agora.xtec.cat\/ceiprossendmontane\/wp-json\/wp\/v2\/categories?post=1179"},{"taxonomy":"post_tag","embeddable":true,"href":"https:\/\/agora.xtec.cat\/ceiprossendmontane\/wp-json\/wp\/v2\/tags?post=1179"}],"curies":[{"name":"wp","href":"https:\/\/api.w.org\/{rel}","templated":true}]}}