{"id":1120,"date":"2023-11-24T17:24:24","date_gmt":"2023-11-24T16:24:24","guid":{"rendered":"https:\/\/agora.xtec.cat\/ceiprossendmontane\/?p=1120"},"modified":"2023-11-24T17:24:24","modified_gmt":"2023-11-24T16:24:24","slug":"hi-havia-una-vegada","status":"publish","type":"post","link":"https:\/\/agora.xtec.cat\/ceiprossendmontane\/portada\/general\/hi-havia-una-vegada\/","title":{"rendered":"HI HAVIA UNA VEGADA\u2026"},"content":{"rendered":"<p><a href=\"https:\/\/agora.xtec.cat\/ceiprossendmontane\/wp-content\/uploads\/usu2330\/2023\/11\/caputxeta.png\"><img loading=\"lazy\" decoding=\"async\" class=\"alignnone size-full wp-image-1121\" src=\"https:\/\/agora.xtec.cat\/ceiprossendmontane\/wp-content\/uploads\/usu2330\/2023\/11\/caputxeta.png\" alt=\"\" width=\"873\" height=\"606\" srcset=\"https:\/\/agora.xtec.cat\/ceiprossendmontane\/wp-content\/uploads\/usu2330\/2023\/11\/caputxeta.png 873w, https:\/\/agora.xtec.cat\/ceiprossendmontane\/wp-content\/uploads\/usu2330\/2023\/11\/caputxeta-300x208.png 300w, https:\/\/agora.xtec.cat\/ceiprossendmontane\/wp-content\/uploads\/usu2330\/2023\/11\/caputxeta-768x533.png 768w\" sizes=\"auto, (max-width: 873px) 100vw, 873px\" \/><\/a><\/p>\n<p><span style=\"font-weight: 400;\">Tot comen\u00e7a amb una nena que li agrada molt vestir-se de vermell i per aquest motiu la coneixen com a Caputxeta vermella. No us penseu, per\u00f2 que aquest \u00e9s el t\u00edpic conte de tota la vida perqu\u00e8 la protagonista tot i agradar-li vestir-se de vermell, tamb\u00e9 \u00e9s molt forta!<\/span><\/p>\n<p><span style=\"font-weight: 400;\">Aquesta setmana hem explicat el conte de <\/span><b><i>La caputxeta for\u00e7uda<\/i><\/b><span style=\"font-weight: 400;\">. Un conte ple de sorpreses i emocions per descobrir on la caputxeta \u00e9s una nena forta, intel\u00b7ligent i que es val per ella mateixa.<\/span><\/p>\n<p><span style=\"font-weight: 400;\">Abans de comen\u00e7ar ens hem preparat i hem descobert a poc a poc el t\u00edtol del conte, comptant tamb\u00e9 quantes paraules t\u00e9. Ens hem pensat que seria la caputxeta vermella, per\u00f2 mirant per quines lletres comencen ens hem adonat que no podia ser!\u00a0<\/span><\/p>\n<p><span style=\"font-weight: 400;\">A m\u00e9s a m\u00e9s, tamb\u00e9 hem retallat i ordenat el t\u00edtol del conte observant quina paraula anava primer! Mesurant amb els cubs, hem vist que la paraula <\/span><i><span style=\"font-weight: 400;\">caputxeta <\/span><\/i><span style=\"font-weight: 400;\">era m\u00e9s llarga que la paraula<\/span><i><span style=\"font-weight: 400;\"> for\u00e7uda. <\/span><\/i><span style=\"font-weight: 400;\">Finalment, entre material divers i de diferents colors, hem enganxat all\u00f2 que nom\u00e9s \u00e9s vermell!<\/span><\/p>\n<p><span style=\"font-weight: 400;\">El conte ens ha agradat molt i aquests dies ens encanta tenir les titelles a l\u2019aula per representar el conte!!<\/span><\/p>\n<p><span style=\"font-weight: 400;\">I, tot i aix\u00f2, encara podem treballar m\u00e9s coses amb aquest conte!! Ja us anirem explicant \ud83d\ude42<\/span><\/p>\n<p>&nbsp;<\/p>\n","protected":false},"excerpt":{"rendered":"<p><a href=\"https:\/\/agora.xtec.cat\/ceiprossendmontane\/wp-content\/uploads\/usu2330\/2023\/11\/caputxeta.png\"><\/a><br \/>\nTot comen\u00e7a amb una nena que li agrada molt vestir-se de vermell i per aquest motiu la coneixen com a Caputxeta vermella. No us penseu, per\u00f2 que aquest \u00e9s el t\u00edpic conte de tota la vida perqu\u00e8 la protagonista tot i agradar-li vestir-se de&hellip;  <a href=\"https:\/\/agora.xtec.cat\/ceiprossendmontane\/portada\/general\/hi-havia-una-vegada\/\" title=\"Read HI HAVIA UNA VEGADA\u2026\">Llegeix m\u00e9s\u00bb<\/a><\/p>\n","protected":false},"author":1,"featured_media":0,"comment_status":"open","ping_status":"closed","sticky":false,"template":"","format":"standard","meta":{"_bbp_topic_count":0,"_bbp_reply_count":0,"_bbp_total_topic_count":0,"_bbp_total_reply_count":0,"_bbp_voice_count":0,"_bbp_anonymous_reply_count":0,"_bbp_topic_count_hidden":0,"_bbp_reply_count_hidden":0,"_bbp_forum_subforum_count":0,"footnotes":""},"categories":[1,8,2],"tags":[82,68,83],"class_list":["post-1120","post","type-post","status-publish","format-standard","hentry","category-general","category-i4","category-infantil","tag-contes","tag-equip-petits","tag-i4"],"post_mailing_queue_ids":[],"_links":{"self":[{"href":"https:\/\/agora.xtec.cat\/ceiprossendmontane\/wp-json\/wp\/v2\/posts\/1120","targetHints":{"allow":["GET"]}}],"collection":[{"href":"https:\/\/agora.xtec.cat\/ceiprossendmontane\/wp-json\/wp\/v2\/posts"}],"about":[{"href":"https:\/\/agora.xtec.cat\/ceiprossendmontane\/wp-json\/wp\/v2\/types\/post"}],"author":[{"embeddable":true,"href":"https:\/\/agora.xtec.cat\/ceiprossendmontane\/wp-json\/wp\/v2\/users\/1"}],"replies":[{"embeddable":true,"href":"https:\/\/agora.xtec.cat\/ceiprossendmontane\/wp-json\/wp\/v2\/comments?post=1120"}],"version-history":[{"count":2,"href":"https:\/\/agora.xtec.cat\/ceiprossendmontane\/wp-json\/wp\/v2\/posts\/1120\/revisions"}],"predecessor-version":[{"id":1123,"href":"https:\/\/agora.xtec.cat\/ceiprossendmontane\/wp-json\/wp\/v2\/posts\/1120\/revisions\/1123"}],"wp:attachment":[{"href":"https:\/\/agora.xtec.cat\/ceiprossendmontane\/wp-json\/wp\/v2\/media?parent=1120"}],"wp:term":[{"taxonomy":"category","embeddable":true,"href":"https:\/\/agora.xtec.cat\/ceiprossendmontane\/wp-json\/wp\/v2\/categories?post=1120"},{"taxonomy":"post_tag","embeddable":true,"href":"https:\/\/agora.xtec.cat\/ceiprossendmontane\/wp-json\/wp\/v2\/tags?post=1120"}],"curies":[{"name":"wp","href":"https:\/\/api.w.org\/{rel}","templated":true}]}}