{"id":1106,"date":"2023-11-23T13:13:03","date_gmt":"2023-11-23T12:13:03","guid":{"rendered":"https:\/\/agora.xtec.cat\/ceiprossendmontane\/?p=1106"},"modified":"2023-12-04T11:40:09","modified_gmt":"2023-12-04T10:40:09","slug":"sortida-rossend-montane","status":"publish","type":"post","link":"https:\/\/agora.xtec.cat\/ceiprossendmontane\/portada\/general\/sortida-rossend-montane\/","title":{"rendered":"SORTIDA ROSSEND MONTAN\u00c9"},"content":{"rendered":"<p><a href=\"https:\/\/agora.xtec.cat\/ceiprossendmontane\/wp-content\/uploads\/usu2330\/2023\/11\/Afegeix-un-subtitol.png\"><img loading=\"lazy\" decoding=\"async\" class=\"alignnone size-full wp-image-1112\" src=\"https:\/\/agora.xtec.cat\/ceiprossendmontane\/wp-content\/uploads\/usu2330\/2023\/11\/Afegeix-un-subtitol.png\" alt=\"\" width=\"1366\" height=\"768\" srcset=\"https:\/\/agora.xtec.cat\/ceiprossendmontane\/wp-content\/uploads\/usu2330\/2023\/11\/Afegeix-un-subtitol.png 1366w, https:\/\/agora.xtec.cat\/ceiprossendmontane\/wp-content\/uploads\/usu2330\/2023\/11\/Afegeix-un-subtitol-300x169.png 300w, https:\/\/agora.xtec.cat\/ceiprossendmontane\/wp-content\/uploads\/usu2330\/2023\/11\/Afegeix-un-subtitol-1024x576.png 1024w, https:\/\/agora.xtec.cat\/ceiprossendmontane\/wp-content\/uploads\/usu2330\/2023\/11\/Afegeix-un-subtitol-768x432.png 768w\" sizes=\"auto, (max-width: 1366px) 100vw, 1366px\" \/><\/a><\/p>\n<p style=\"text-align: center;\"><span style=\"font-weight: 400;\"><strong>Dijous 9 de novembre<\/strong> vam poder fer la sortida anual d\u2019escola, per recordar a Rossend Montan\u00e9.<\/span><\/p>\n<p style=\"text-align: left;\"><span style=\"font-weight: 400;\"> Malauradament, per la meteorologia del dia no vam poder anar a la Muntanyeta com ten\u00edem programat, per\u00f2 les activitats que hav\u00edem de fer all\u00e0 les vam portar a l\u2019escola i al seu voltant. Els alumnes d\u2019infantil van fer una activitat de Land Art. Els alumnes de prim\u00e0ria van participar en una gimcana amb jocs amb la finalitat de con\u00e8ixer la import\u00e0ncia de respectar el medi ambient. I tots van fer un planter d\u2019alzines, a m\u00e9s de con\u00e8ixer la important tasca dels ADF Rossend Montan\u00e9.\u00a0<\/span><\/p>\n<p><span style=\"font-weight: 400;\">Per dinar els alumnes de prim\u00e0ria vam fer una petita excursi\u00f3 al camp de futbol, on despr\u00e9s de menjar vam poder de gaudir de temps de joc junts.\u00a0<\/span><\/p>\n<p><span style=\"font-weight: 400;\">Volem agrair la col\u00b7laboraci\u00f3 i suport als ADF Rossend Montan\u00e9, a l\u2019Ajuntament d\u2019Ol\u00e8rdola i a l\u2019empresa Albirem pels tallers. Tots vam gaudir i aprendre molt!<\/span><\/p>\n<p style=\"text-align: center;\">\n","protected":false},"excerpt":{"rendered":"<p><a href=\"https:\/\/agora.xtec.cat\/ceiprossendmontane\/wp-content\/uploads\/usu2330\/2023\/11\/Afegeix-un-subtitol.png\"><\/a><br \/>\nDijous 9 de novembre vam poder fer la sortida anual d\u2019escola, per recordar a Rossend Montan\u00e9.<br \/>\n Malauradament, per la meteorologia del dia no vam poder anar a la Muntanyeta com ten\u00edem programat, per\u00f2 les activitats que hav\u00edem de fer all\u00e0 les vam portar a&hellip;  <a href=\"https:\/\/agora.xtec.cat\/ceiprossendmontane\/portada\/general\/sortida-rossend-montane\/\" title=\"Read SORTIDA ROSSEND MONTAN\u00c9\">Llegeix m\u00e9s\u00bb<\/a><\/p>\n","protected":false},"author":1,"featured_media":0,"comment_status":"closed","ping_status":"closed","sticky":false,"template":"","format":"standard","meta":{"_bbp_topic_count":0,"_bbp_reply_count":0,"_bbp_total_topic_count":0,"_bbp_total_reply_count":0,"_bbp_voice_count":0,"_bbp_anonymous_reply_count":0,"_bbp_topic_count_hidden":0,"_bbp_reply_count_hidden":0,"_bbp_forum_subforum_count":0,"footnotes":""},"categories":[1,2,4,5],"tags":[67,81,16],"class_list":["post-1106","post","type-post","status-publish","format-standard","hentry","category-general","category-infantil","category-portada","category-primaria","tag-fem-escola","tag-rossend-montane","tag-sortides"],"post_mailing_queue_ids":[],"_links":{"self":[{"href":"https:\/\/agora.xtec.cat\/ceiprossendmontane\/wp-json\/wp\/v2\/posts\/1106","targetHints":{"allow":["GET"]}}],"collection":[{"href":"https:\/\/agora.xtec.cat\/ceiprossendmontane\/wp-json\/wp\/v2\/posts"}],"about":[{"href":"https:\/\/agora.xtec.cat\/ceiprossendmontane\/wp-json\/wp\/v2\/types\/post"}],"author":[{"embeddable":true,"href":"https:\/\/agora.xtec.cat\/ceiprossendmontane\/wp-json\/wp\/v2\/users\/1"}],"replies":[{"embeddable":true,"href":"https:\/\/agora.xtec.cat\/ceiprossendmontane\/wp-json\/wp\/v2\/comments?post=1106"}],"version-history":[{"count":2,"href":"https:\/\/agora.xtec.cat\/ceiprossendmontane\/wp-json\/wp\/v2\/posts\/1106\/revisions"}],"predecessor-version":[{"id":1114,"href":"https:\/\/agora.xtec.cat\/ceiprossendmontane\/wp-json\/wp\/v2\/posts\/1106\/revisions\/1114"}],"wp:attachment":[{"href":"https:\/\/agora.xtec.cat\/ceiprossendmontane\/wp-json\/wp\/v2\/media?parent=1106"}],"wp:term":[{"taxonomy":"category","embeddable":true,"href":"https:\/\/agora.xtec.cat\/ceiprossendmontane\/wp-json\/wp\/v2\/categories?post=1106"},{"taxonomy":"post_tag","embeddable":true,"href":"https:\/\/agora.xtec.cat\/ceiprossendmontane\/wp-json\/wp\/v2\/tags?post=1106"}],"curies":[{"name":"wp","href":"https:\/\/api.w.org\/{rel}","templated":true}]}}