{"id":1100,"date":"2023-11-20T11:28:18","date_gmt":"2023-11-20T10:28:18","guid":{"rendered":"https:\/\/agora.xtec.cat\/ceiprossendmontane\/?p=1100"},"modified":"2023-11-20T11:32:56","modified_gmt":"2023-11-20T10:32:56","slug":"som-la-classe-del-graffiti","status":"publish","type":"post","link":"https:\/\/agora.xtec.cat\/ceiprossendmontane\/portada\/general\/som-la-classe-del-graffiti\/","title":{"rendered":"SOM LA CLASSE DEL GRAFFITI"},"content":{"rendered":"<p style=\"text-align: center;\"><a href=\"https:\/\/agora.xtec.cat\/ceiprossendmontane\/wp-content\/uploads\/usu2330\/2023\/11\/4t-1.jpg\"><img loading=\"lazy\" decoding=\"async\" class=\"alignnone size-full wp-image-1104\" src=\"https:\/\/agora.xtec.cat\/ceiprossendmontane\/wp-content\/uploads\/usu2330\/2023\/11\/4t-1.jpg\" alt=\"\" width=\"845\" height=\"1859\" srcset=\"https:\/\/agora.xtec.cat\/ceiprossendmontane\/wp-content\/uploads\/usu2330\/2023\/11\/4t-1.jpg 845w, https:\/\/agora.xtec.cat\/ceiprossendmontane\/wp-content\/uploads\/usu2330\/2023\/11\/4t-1-136x300.jpg 136w, https:\/\/agora.xtec.cat\/ceiprossendmontane\/wp-content\/uploads\/usu2330\/2023\/11\/4t-1-465x1024.jpg 465w, https:\/\/agora.xtec.cat\/ceiprossendmontane\/wp-content\/uploads\/usu2330\/2023\/11\/4t-1-768x1690.jpg 768w, https:\/\/agora.xtec.cat\/ceiprossendmontane\/wp-content\/uploads\/usu2330\/2023\/11\/4t-1-698x1536.jpg 698w\" sizes=\"auto, (max-width: 845px) 100vw, 845px\" \/><\/a><\/p>\n<p><span style=\"font-weight: 400;\">A quart vam estar decidint el nom de a porta i va sortir escollit LA CLASSE DEL GRAFFITI.\u00a0 Ens agrada molt aquest nom i de seguida vam voler saber m\u00e9s coses d\u2019aquest art urb\u00e0. De moment sabem que <\/span><span style=\"font-weight: 400;\">\u00c9s un missatge escrit o una imatge pintada, o una barreja d&#8217;ambdues, generalment emprant pots de pintura amb aerosol i sobre un lloc visible pels vianants, com ara panys de paret, tanques, portes, persianes, monuments, edificis mig enrunats, etc.<\/span><\/p>\n<p><span style=\"font-weight: 400;\">\u00a0Els grafits van des de simples paraules escrites fins a pintures murals elaborades i han existit des de temps remots, amb exemples que es remunten a l\u2019antic Egipte, a l&#8217;antiga Gr\u00e8cia i a l&#8217;Imperi Rom\u00e0.<\/span><\/p>\n<p><span style=\"font-weight: 400;\">Pot tenir una motivaci\u00f3 de protesta pol\u00edtica o social, especialment quan l&#8217; utilitzen moviments de joves. Tamb\u00e9 n&#8217;hi ha que tenen motivacions art\u00edstiques, o simplement d&#8217;afirmaci\u00f3 personal, com en el cas de les firmes pintades de manera repetida.<\/span><\/p>\n<p><span style=\"font-weight: 400;\">Tamb\u00e9 ens agradaria fer algunes pintades per\u00f2 en llocs adequats, i con\u00e8ixer algun graffiter\u2026 Ja us anirem explicant!!!!<\/span><\/p>\n","protected":false},"excerpt":{"rendered":"<p><a href=\"https:\/\/agora.xtec.cat\/ceiprossendmontane\/wp-content\/uploads\/usu2330\/2023\/11\/4t-1.jpg\"><\/a><br \/>\nA quart vam estar decidint el nom de a porta i va sortir escollit LA CLASSE DEL GRAFFITI.\u00a0 Ens agrada molt aquest nom i de seguida vam voler saber m\u00e9s coses d\u2019aquest art urb\u00e0. De moment sabem que \u00c9s un missatge escrit o una&hellip;  <a href=\"https:\/\/agora.xtec.cat\/ceiprossendmontane\/portada\/general\/som-la-classe-del-graffiti\/\" title=\"Read SOM LA CLASSE DEL GRAFFITI\">Llegeix m\u00e9s\u00bb<\/a><\/p>\n","protected":false},"author":1,"featured_media":0,"comment_status":"closed","ping_status":"closed","sticky":false,"template":"","format":"standard","meta":{"_bbp_topic_count":0,"_bbp_reply_count":0,"_bbp_total_topic_count":0,"_bbp_total_reply_count":0,"_bbp_voice_count":0,"_bbp_anonymous_reply_count":0,"_bbp_topic_count_hidden":0,"_bbp_reply_count_hidden":0,"_bbp_forum_subforum_count":0,"footnotes":""},"categories":[13,1],"tags":[78,70],"class_list":["post-1100","post","type-post","status-publish","format-standard","hentry","category-4t","category-general","tag-4t","tag-equip-grans"],"post_mailing_queue_ids":[],"_links":{"self":[{"href":"https:\/\/agora.xtec.cat\/ceiprossendmontane\/wp-json\/wp\/v2\/posts\/1100","targetHints":{"allow":["GET"]}}],"collection":[{"href":"https:\/\/agora.xtec.cat\/ceiprossendmontane\/wp-json\/wp\/v2\/posts"}],"about":[{"href":"https:\/\/agora.xtec.cat\/ceiprossendmontane\/wp-json\/wp\/v2\/types\/post"}],"author":[{"embeddable":true,"href":"https:\/\/agora.xtec.cat\/ceiprossendmontane\/wp-json\/wp\/v2\/users\/1"}],"replies":[{"embeddable":true,"href":"https:\/\/agora.xtec.cat\/ceiprossendmontane\/wp-json\/wp\/v2\/comments?post=1100"}],"version-history":[{"count":2,"href":"https:\/\/agora.xtec.cat\/ceiprossendmontane\/wp-json\/wp\/v2\/posts\/1100\/revisions"}],"predecessor-version":[{"id":1105,"href":"https:\/\/agora.xtec.cat\/ceiprossendmontane\/wp-json\/wp\/v2\/posts\/1100\/revisions\/1105"}],"wp:attachment":[{"href":"https:\/\/agora.xtec.cat\/ceiprossendmontane\/wp-json\/wp\/v2\/media?parent=1100"}],"wp:term":[{"taxonomy":"category","embeddable":true,"href":"https:\/\/agora.xtec.cat\/ceiprossendmontane\/wp-json\/wp\/v2\/categories?post=1100"},{"taxonomy":"post_tag","embeddable":true,"href":"https:\/\/agora.xtec.cat\/ceiprossendmontane\/wp-json\/wp\/v2\/tags?post=1100"}],"curies":[{"name":"wp","href":"https:\/\/api.w.org\/{rel}","templated":true}]}}