{"id":1097,"date":"2023-11-20T11:23:52","date_gmt":"2023-11-20T10:23:52","guid":{"rendered":"https:\/\/agora.xtec.cat\/ceiprossendmontane\/?p=1097"},"modified":"2023-11-20T11:24:14","modified_gmt":"2023-11-20T10:24:14","slug":"els-titelles-ens-endinsem-a-la-tardor","status":"publish","type":"post","link":"https:\/\/agora.xtec.cat\/ceiprossendmontane\/portada\/general\/els-titelles-ens-endinsem-a-la-tardor\/","title":{"rendered":"ELS TITELLES ENS ENDINSEM A LA TARDOR!"},"content":{"rendered":"<p><span style=\"font-weight: 400;\"><a href=\"https:\/\/agora.xtec.cat\/ceiprossendmontane\/wp-content\/uploads\/usu2330\/2023\/11\/i3.jpg\"><img loading=\"lazy\" decoding=\"async\" class=\"wp-image-1098 aligncenter\" src=\"https:\/\/agora.xtec.cat\/ceiprossendmontane\/wp-content\/uploads\/usu2330\/2023\/11\/i3.jpg\" alt=\"\" width=\"699\" height=\"494\" srcset=\"https:\/\/agora.xtec.cat\/ceiprossendmontane\/wp-content\/uploads\/usu2330\/2023\/11\/i3.jpg 2000w, https:\/\/agora.xtec.cat\/ceiprossendmontane\/wp-content\/uploads\/usu2330\/2023\/11\/i3-300x212.jpg 300w, https:\/\/agora.xtec.cat\/ceiprossendmontane\/wp-content\/uploads\/usu2330\/2023\/11\/i3-1024x724.jpg 1024w, https:\/\/agora.xtec.cat\/ceiprossendmontane\/wp-content\/uploads\/usu2330\/2023\/11\/i3-768x543.jpg 768w, https:\/\/agora.xtec.cat\/ceiprossendmontane\/wp-content\/uploads\/usu2330\/2023\/11\/i3-1536x1086.jpg 1536w\" sizes=\"auto, (max-width: 699px) 100vw, 699px\" \/><\/a><\/span><\/p>\n<p><span style=\"font-weight: 400;\">A la tardor ni fred ni calor! A I3 ja comencem a notar els canvis que ens porta aquesta estaci\u00f3 !! I per aquest motiu estem aprofitant per con\u00e8ixer els fruits i les fruites de la tardor, els animalons que surten i busquen aliments, el color de les fulles, les festes i tots els canvis que anem notant dia a dia.<\/span><\/p>\n<p><span style=\"font-weight: 400;\">Sabeu qu\u00e8? Els Titelles estem experimentant amb els elements i els colors de la tardor\u2026 pintant, estampant, punxant, esmicolant, retallant, buscant lletres\u2026 Tamb\u00e9 aprofitem aquests elements per introduir diferents conceptes matem\u00e0tics, fem seriacions, classificacions, relacionant\u2026\u00a0<\/span><\/p>\n<p><span style=\"font-weight: 400;\">I una de les coses que m\u00e9s ens agrada \u00e9s escoltar contes, can\u00e7ons\u2026 i hem apr\u00e8s una dita:<\/span><\/p>\n<p style=\"text-align: center;\"><span style=\"font-weight: 400;\">\u201cA LA TARDOR\u2026 FULLES, CASTANYES I CARGOLS AMB BANYES!\u00a0<\/span><\/p>\n<p><span style=\"font-weight: 400;\">Aix\u00ed que a poc a poc anem adquirint nou vocabulari i noves expressions, busquem lletres, algunes les coneixem i algunes les descobrim. A m\u00e9s a m\u00e9s, l\u2019art no falta en aquests moments\u2026 heu vist com experimentem diferents t\u00e8cniques i potenciem la nostra creativitat!! En definitiva, ens ho passem genial!!!<\/span><\/p>\n","protected":false},"excerpt":{"rendered":"<p><a href=\"https:\/\/agora.xtec.cat\/ceiprossendmontane\/wp-content\/uploads\/usu2330\/2023\/11\/i3.jpg\"><\/a><br \/>\nA la tardor ni fred ni calor! A I3 ja comencem a notar els canvis que ens porta aquesta estaci\u00f3 !! I per aquest motiu estem aprofitant per con\u00e8ixer els fruits i les fruites de la tardor, els animalons que surten i busquen aliments,&hellip;  <a href=\"https:\/\/agora.xtec.cat\/ceiprossendmontane\/portada\/general\/els-titelles-ens-endinsem-a-la-tardor\/\" title=\"Read ELS TITELLES ENS ENDINSEM A LA TARDOR!\">Llegeix m\u00e9s\u00bb<\/a><\/p>\n","protected":false},"author":1,"featured_media":0,"comment_status":"closed","ping_status":"closed","sticky":false,"template":"","format":"standard","meta":{"_bbp_topic_count":0,"_bbp_reply_count":0,"_bbp_total_topic_count":0,"_bbp_total_reply_count":0,"_bbp_voice_count":0,"_bbp_anonymous_reply_count":0,"_bbp_topic_count_hidden":0,"_bbp_reply_count_hidden":0,"_bbp_forum_subforum_count":0,"footnotes":""},"categories":[1,3],"tags":[68,77],"class_list":["post-1097","post","type-post","status-publish","format-standard","hentry","category-general","category-i3","tag-equip-petits","tag-i3"],"post_mailing_queue_ids":[],"_links":{"self":[{"href":"https:\/\/agora.xtec.cat\/ceiprossendmontane\/wp-json\/wp\/v2\/posts\/1097","targetHints":{"allow":["GET"]}}],"collection":[{"href":"https:\/\/agora.xtec.cat\/ceiprossendmontane\/wp-json\/wp\/v2\/posts"}],"about":[{"href":"https:\/\/agora.xtec.cat\/ceiprossendmontane\/wp-json\/wp\/v2\/types\/post"}],"author":[{"embeddable":true,"href":"https:\/\/agora.xtec.cat\/ceiprossendmontane\/wp-json\/wp\/v2\/users\/1"}],"replies":[{"embeddable":true,"href":"https:\/\/agora.xtec.cat\/ceiprossendmontane\/wp-json\/wp\/v2\/comments?post=1097"}],"version-history":[{"count":1,"href":"https:\/\/agora.xtec.cat\/ceiprossendmontane\/wp-json\/wp\/v2\/posts\/1097\/revisions"}],"predecessor-version":[{"id":1099,"href":"https:\/\/agora.xtec.cat\/ceiprossendmontane\/wp-json\/wp\/v2\/posts\/1097\/revisions\/1099"}],"wp:attachment":[{"href":"https:\/\/agora.xtec.cat\/ceiprossendmontane\/wp-json\/wp\/v2\/media?parent=1097"}],"wp:term":[{"taxonomy":"category","embeddable":true,"href":"https:\/\/agora.xtec.cat\/ceiprossendmontane\/wp-json\/wp\/v2\/categories?post=1097"},{"taxonomy":"post_tag","embeddable":true,"href":"https:\/\/agora.xtec.cat\/ceiprossendmontane\/wp-json\/wp\/v2\/tags?post=1097"}],"curies":[{"name":"wp","href":"https:\/\/api.w.org\/{rel}","templated":true}]}}