{"id":1070,"date":"2023-11-06T11:51:13","date_gmt":"2023-11-06T10:51:13","guid":{"rendered":"https:\/\/agora.xtec.cat\/ceiprossendmontane\/?p=1070"},"modified":"2023-12-11T12:51:25","modified_gmt":"2023-12-11T11:51:25","slug":"festa-castanyada-i-halloween","status":"publish","type":"post","link":"https:\/\/agora.xtec.cat\/ceiprossendmontane\/infantil\/festa-castanyada-i-halloween\/","title":{"rendered":"Festa Castanyada i Halloween"},"content":{"rendered":"<p style=\"text-align: center;\"><span style=\"font-weight: 400;\"><iframe loading=\"lazy\" src=\"\/\/giphy.com\/embed\/mMkTVNT8mbtK9oN616\" width=\"480\" height=\"480\" frameborder=\"0\" allowfullscreen=\"allowfullscreen\"><\/iframe><iframe loading=\"lazy\" src=\"\/\/giphy.com\/embed\/NtHWTRvLU4byUUzG2s\" width=\"480\" height=\"325\" frameborder=\"0\" allowfullscreen=\"allowfullscreen\"><\/iframe><\/span><\/p>\n<p style=\"text-align: center;\"><span style=\"font-weight: 400;\">El dilluns 30 i dimarts 31 els alumnes de l\u2019escola van gaudir de Games in English, de tem\u00e0tica Halloween. S\u2019ho van passar d\u2019all\u00f2 m\u00e9s b\u00e9!<\/span><\/p>\n<p style=\"text-align: center;\"><a href=\"https:\/\/agora.xtec.cat\/ceiprossendmontane\/wp-content\/uploads\/usu2330\/2023\/11\/IMG_9945.jpg\"><img loading=\"lazy\" decoding=\"async\" class=\"aligncenter size-medium wp-image-1075\" src=\"https:\/\/agora.xtec.cat\/ceiprossendmontane\/wp-content\/uploads\/usu2330\/2023\/11\/IMG_9945-237x300.jpg\" alt=\"\" width=\"237\" height=\"300\" srcset=\"https:\/\/agora.xtec.cat\/ceiprossendmontane\/wp-content\/uploads\/usu2330\/2023\/11\/IMG_9945-237x300.jpg 237w, https:\/\/agora.xtec.cat\/ceiprossendmontane\/wp-content\/uploads\/usu2330\/2023\/11\/IMG_9945-810x1024.jpg 810w, https:\/\/agora.xtec.cat\/ceiprossendmontane\/wp-content\/uploads\/usu2330\/2023\/11\/IMG_9945-768x971.jpg 768w, https:\/\/agora.xtec.cat\/ceiprossendmontane\/wp-content\/uploads\/usu2330\/2023\/11\/IMG_9945-1214x1536.jpg 1214w, https:\/\/agora.xtec.cat\/ceiprossendmontane\/wp-content\/uploads\/usu2330\/2023\/11\/IMG_9945-1619x2048.jpg 1619w, https:\/\/agora.xtec.cat\/ceiprossendmontane\/wp-content\/uploads\/usu2330\/2023\/11\/IMG_9945.jpg 1858w\" sizes=\"auto, (max-width: 237px) 100vw, 237px\" \/><\/a><\/p>\n<p style=\"text-align: center;\"><span style=\"font-weight: 400;\">La tarda de dimarts vam celebrar el <strong>Concurs de Pumpkins<\/strong>. Hem de dir que TOTS S\u00d3N GUANYADORS!\u00a0 Enhorabona per la feina feta!!<\/span><\/p>\n<p style=\"text-align: center;\"><span style=\"font-weight: 400;\"><a href=\"https:\/\/agora.xtec.cat\/ceiprossendmontane\/wp-content\/uploads\/usu2330\/2023\/11\/IMG_20231031_145235r.jpg\"><img loading=\"lazy\" decoding=\"async\" class=\"aligncenter size-medium wp-image-1076\" src=\"https:\/\/agora.xtec.cat\/ceiprossendmontane\/wp-content\/uploads\/usu2330\/2023\/11\/IMG_20231031_145235r-300x225.jpg\" alt=\"\" width=\"300\" height=\"225\" srcset=\"https:\/\/agora.xtec.cat\/ceiprossendmontane\/wp-content\/uploads\/usu2330\/2023\/11\/IMG_20231031_145235r-300x225.jpg 300w, https:\/\/agora.xtec.cat\/ceiprossendmontane\/wp-content\/uploads\/usu2330\/2023\/11\/IMG_20231031_145235r-1024x768.jpg 1024w, https:\/\/agora.xtec.cat\/ceiprossendmontane\/wp-content\/uploads\/usu2330\/2023\/11\/IMG_20231031_145235r-768x576.jpg 768w, https:\/\/agora.xtec.cat\/ceiprossendmontane\/wp-content\/uploads\/usu2330\/2023\/11\/IMG_20231031_145235r-1536x1152.jpg 1536w, https:\/\/agora.xtec.cat\/ceiprossendmontane\/wp-content\/uploads\/usu2330\/2023\/11\/IMG_20231031_145235r-200x150.jpg 200w, https:\/\/agora.xtec.cat\/ceiprossendmontane\/wp-content\/uploads\/usu2330\/2023\/11\/IMG_20231031_145235r.jpg 2000w\" sizes=\"auto, (max-width: 300px) 100vw, 300px\" \/><\/a><\/span><\/p>\n<p style=\"text-align: center;\"><span style=\"font-weight: 400;\">Dilluns al mat\u00ed tamb\u00e9 van venir des de la muntanya, el Sr. i la Sra. Castanyera! Van repartir castanyes torrades per tothom!<\/span><\/p>\n<p style=\"text-align: center;\"><a href=\"https:\/\/agora.xtec.cat\/ceiprossendmontane\/wp-content\/uploads\/usu2330\/2023\/11\/Foto-de-Maite.jpg\"><img loading=\"lazy\" decoding=\"async\" class=\"aligncenter size-medium wp-image-1074\" src=\"https:\/\/agora.xtec.cat\/ceiprossendmontane\/wp-content\/uploads\/usu2330\/2023\/11\/Foto-de-Maite-135x300.jpg\" alt=\"\" width=\"135\" height=\"300\" data-wp-editing=\"1\" srcset=\"https:\/\/agora.xtec.cat\/ceiprossendmontane\/wp-content\/uploads\/usu2330\/2023\/11\/Foto-de-Maite-135x300.jpg 135w, https:\/\/agora.xtec.cat\/ceiprossendmontane\/wp-content\/uploads\/usu2330\/2023\/11\/Foto-de-Maite-461x1024.jpg 461w, https:\/\/agora.xtec.cat\/ceiprossendmontane\/wp-content\/uploads\/usu2330\/2023\/11\/Foto-de-Maite-768x1708.jpg 768w, https:\/\/agora.xtec.cat\/ceiprossendmontane\/wp-content\/uploads\/usu2330\/2023\/11\/Foto-de-Maite-691x1536.jpg 691w, https:\/\/agora.xtec.cat\/ceiprossendmontane\/wp-content\/uploads\/usu2330\/2023\/11\/Foto-de-Maite.jpg 921w\" sizes=\"auto, (max-width: 135px) 100vw, 135px\" \/><\/a><\/p>\n<p style=\"text-align: center;\"><span style=\"font-weight: 400;\">I vam gaudir d\u2019un taller d\u2019art amb elements naturals, de la m\u00e0 de Nil Nebot. Amb canyes, plomes, i una pedra de s\u00edlex, vam crear el nostre propi pinzell, i amb elements naturals com minerals, vam elaborar pigments per poder pintar. Aqu\u00ed teniu un recull d\u2019imatges del taller.\u00a0<\/span><\/p>\n<p>\u00a0 <a href=\"https:\/\/agora.xtec.cat\/ceiprossendmontane\/wp-content\/uploads\/usu2330\/2023\/11\/IMG-20231101-WA0095.jpg\"><img loading=\"lazy\" decoding=\"async\" class=\"alignleft size-thumbnail wp-image-1071\" src=\"https:\/\/agora.xtec.cat\/ceiprossendmontane\/wp-content\/uploads\/usu2330\/2023\/11\/IMG-20231101-WA0095-150x150.jpg\" alt=\"\" width=\"150\" height=\"150\" \/><\/a> <a href=\"https:\/\/agora.xtec.cat\/ceiprossendmontane\/wp-content\/uploads\/usu2330\/2023\/11\/IMG-20231101-WA0085.jpg\"><img loading=\"lazy\" decoding=\"async\" class=\"alignleft size-thumbnail wp-image-1073\" src=\"https:\/\/agora.xtec.cat\/ceiprossendmontane\/wp-content\/uploads\/usu2330\/2023\/11\/IMG-20231101-WA0085-150x150.jpg\" alt=\"\" width=\"150\" height=\"150\" \/><\/a> <a href=\"https:\/\/agora.xtec.cat\/ceiprossendmontane\/wp-content\/uploads\/usu2330\/2023\/11\/IMG-20231101-WA0091.jpg\"><img loading=\"lazy\" decoding=\"async\" class=\"size-thumbnail wp-image-1072 alignleft\" src=\"https:\/\/agora.xtec.cat\/ceiprossendmontane\/wp-content\/uploads\/usu2330\/2023\/11\/IMG-20231101-WA0091-150x150.jpg\" alt=\"\" width=\"150\" height=\"150\" \/><\/a><\/p>\n<p style=\"text-align: left;\"><span style=\"font-weight: 400;\">\u00a0<\/span><\/p>\n<p>&nbsp;<\/p>\n","protected":false},"excerpt":{"rendered":"<p>El dilluns 30 i dimarts 31 els alumnes de l\u2019escola van gaudir de Games in English, de tem\u00e0tica Halloween. S\u2019ho van passar d\u2019all\u00f2 m\u00e9s b\u00e9!<br \/>\n<a href=\"https:\/\/agora.xtec.cat\/ceiprossendmontane\/wp-content\/uploads\/usu2330\/2023\/11\/IMG_9945.jpg\"><\/a><br \/>\nLa tarda de dimarts vam celebrar el Concurs de Pumpkins. Hem de dir que TOTS S\u00d3N GUANYADORS!\u00a0 Enhorabona per la&hellip;  <a href=\"https:\/\/agora.xtec.cat\/ceiprossendmontane\/infantil\/festa-castanyada-i-halloween\/\" title=\"Read Festa Castanyada i Halloween\">Llegeix m\u00e9s\u00bb<\/a><\/p>\n","protected":false},"author":1,"featured_media":0,"comment_status":"closed","ping_status":"closed","sticky":false,"template":"","format":"standard","meta":{"_bbp_topic_count":0,"_bbp_reply_count":0,"_bbp_total_topic_count":0,"_bbp_total_reply_count":0,"_bbp_voice_count":0,"_bbp_anonymous_reply_count":0,"_bbp_topic_count_hidden":0,"_bbp_reply_count_hidden":0,"_bbp_forum_subforum_count":0,"footnotes":""},"categories":[2,4,5],"tags":[72,70,69,68,67,71,73],"class_list":["post-1070","post","type-post","status-publish","format-standard","hentry","category-infantil","category-portada","category-primaria","tag-castanyada","tag-equip-grans","tag-equip-mitjans","tag-equip-petits","tag-fem-escola","tag-festes","tag-halloween"],"post_mailing_queue_ids":[],"_links":{"self":[{"href":"https:\/\/agora.xtec.cat\/ceiprossendmontane\/wp-json\/wp\/v2\/posts\/1070","targetHints":{"allow":["GET"]}}],"collection":[{"href":"https:\/\/agora.xtec.cat\/ceiprossendmontane\/wp-json\/wp\/v2\/posts"}],"about":[{"href":"https:\/\/agora.xtec.cat\/ceiprossendmontane\/wp-json\/wp\/v2\/types\/post"}],"author":[{"embeddable":true,"href":"https:\/\/agora.xtec.cat\/ceiprossendmontane\/wp-json\/wp\/v2\/users\/1"}],"replies":[{"embeddable":true,"href":"https:\/\/agora.xtec.cat\/ceiprossendmontane\/wp-json\/wp\/v2\/comments?post=1070"}],"version-history":[{"count":4,"href":"https:\/\/agora.xtec.cat\/ceiprossendmontane\/wp-json\/wp\/v2\/posts\/1070\/revisions"}],"predecessor-version":[{"id":1078,"href":"https:\/\/agora.xtec.cat\/ceiprossendmontane\/wp-json\/wp\/v2\/posts\/1070\/revisions\/1078"}],"wp:attachment":[{"href":"https:\/\/agora.xtec.cat\/ceiprossendmontane\/wp-json\/wp\/v2\/media?parent=1070"}],"wp:term":[{"taxonomy":"category","embeddable":true,"href":"https:\/\/agora.xtec.cat\/ceiprossendmontane\/wp-json\/wp\/v2\/categories?post=1070"},{"taxonomy":"post_tag","embeddable":true,"href":"https:\/\/agora.xtec.cat\/ceiprossendmontane\/wp-json\/wp\/v2\/tags?post=1070"}],"curies":[{"name":"wp","href":"https:\/\/api.w.org\/{rel}","templated":true}]}}