{"id":938,"date":"2017-11-30T16:17:44","date_gmt":"2017-11-30T15:17:44","guid":{"rendered":"https:\/\/blocs.xtec.cat\/rosercapdevila3\/?p=926"},"modified":"2017-11-30T16:17:44","modified_gmt":"2017-11-30T15:17:44","slug":"numero-2-revista-periodistes","status":"publish","type":"post","link":"https:\/\/agora.xtec.cat\/ceiprosercapdevila\/general\/numero-2-revista-periodistes\/","title":{"rendered":"N\u00famero 2 revista Periodistes"},"content":{"rendered":"<p>Ja teniu a la web el n\u00famero 2 de la revista digital <em>Periodistes<\/em>. En aquesta ocasi\u00f3 els responsables de fer els articles han sigut la classe de 6\u00e8B.<\/p>\n<p>Esperem que us agradi, i recordeu de fer comentaris.<\/p>\n<p>&nbsp;<\/p>\n<div data-configid=\"1187723\/55895886\" style=\"width:400px; height:283px;\" class=\"issuuembed\"><\/div>\n<p><script type=\"text\/javascript\" src=\"\/\/e.issuu.com\/embed.js\" async=\"true\"><\/script><\/p>\n","protected":false},"excerpt":{"rendered":"<p>Ja teniu a la web el n\u00famero 2 de la revista digital Periodistes. En aquesta ocasi\u00f3 els responsables de fer els articles han sigut la classe de 6\u00e8B.<br \/>\nEsperem que us agradi, i recordeu de fer comentaris.<br \/>\n&nbsp;<\/p>\n","protected":false},"author":1,"featured_media":0,"comment_status":"open","ping_status":"open","sticky":false,"template":"","format":"standard","meta":{"_bbp_topic_count":0,"_bbp_reply_count":0,"_bbp_total_topic_count":0,"_bbp_total_reply_count":0,"_bbp_voice_count":0,"_bbp_anonymous_reply_count":0,"_bbp_topic_count_hidden":0,"_bbp_reply_count_hidden":0,"_bbp_forum_subforum_count":0,"footnotes":""},"categories":[1],"tags":[],"class_list":["post-938","post","type-post","status-publish","format-standard","hentry","category-general"],"post_mailing_queue_ids":[],"_links":{"self":[{"href":"https:\/\/agora.xtec.cat\/ceiprosercapdevila\/wp-json\/wp\/v2\/posts\/938","targetHints":{"allow":["GET"]}}],"collection":[{"href":"https:\/\/agora.xtec.cat\/ceiprosercapdevila\/wp-json\/wp\/v2\/posts"}],"about":[{"href":"https:\/\/agora.xtec.cat\/ceiprosercapdevila\/wp-json\/wp\/v2\/types\/post"}],"author":[{"embeddable":true,"href":"https:\/\/agora.xtec.cat\/ceiprosercapdevila\/wp-json\/wp\/v2\/users\/1"}],"replies":[{"embeddable":true,"href":"https:\/\/agora.xtec.cat\/ceiprosercapdevila\/wp-json\/wp\/v2\/comments?post=938"}],"version-history":[{"count":0,"href":"https:\/\/agora.xtec.cat\/ceiprosercapdevila\/wp-json\/wp\/v2\/posts\/938\/revisions"}],"wp:attachment":[{"href":"https:\/\/agora.xtec.cat\/ceiprosercapdevila\/wp-json\/wp\/v2\/media?parent=938"}],"wp:term":[{"taxonomy":"category","embeddable":true,"href":"https:\/\/agora.xtec.cat\/ceiprosercapdevila\/wp-json\/wp\/v2\/categories?post=938"},{"taxonomy":"post_tag","embeddable":true,"href":"https:\/\/agora.xtec.cat\/ceiprosercapdevila\/wp-json\/wp\/v2\/tags?post=938"}],"curies":[{"name":"wp","href":"https:\/\/api.w.org\/{rel}","templated":true}]}}