{"id":936,"date":"2017-05-12T13:22:34","date_gmt":"2017-05-12T11:22:34","guid":{"rendered":"https:\/\/blocs.xtec.cat\/rosercapdevila3\/?p=747"},"modified":"2017-05-12T13:22:34","modified_gmt":"2017-05-12T11:22:34","slug":"els-de-p5-aprenem-amb-la-policia","status":"publish","type":"post","link":"https:\/\/agora.xtec.cat\/ceiprosercapdevila\/general\/els-de-p5-aprenem-amb-la-policia\/","title":{"rendered":"ELS DE P5 APRENEM AMB LA POLICIA!!!"},"content":{"rendered":"<p>El dimecres ens van visitar el Sergi i el Nica que s\u00f3n policies de Poliny\u00e0. Ens van explicar moltes coses sobre l&#8217;educaci\u00f3 vial. Pr\u00f2ximament ho portarem a la pr\u00e0ctica.<\/p>\n<p><a href=\"https:\/\/goo.gl\/photos\/Mo1SFdWbZXFBybg89\">https:\/\/goo.gl\/photos\/Mo1SFdWbZXFBybg89<\/a><\/p>\n<p>&nbsp;<\/p>\n","protected":false},"excerpt":{"rendered":"<p>El dimecres ens van visitar el Sergi i el Nica que s\u00f3n policies de Poliny\u00e0. Ens van explicar moltes coses sobre l&#8217;educaci\u00f3 vial. Pr\u00f2ximament ho portarem a la pr\u00e0ctica.<br \/>\n<a href=\"https:\/\/goo.gl\/photos\/Mo1SFdWbZXFBybg89\">https:\/\/goo.gl\/photos\/Mo1SFdWbZXFBybg89<\/a><br \/>\n&nbsp;<\/p>\n","protected":false},"author":15,"featured_media":749,"comment_status":"open","ping_status":"open","sticky":false,"template":"","format":"standard","meta":{"_bbp_topic_count":0,"_bbp_reply_count":0,"_bbp_total_topic_count":0,"_bbp_total_reply_count":0,"_bbp_voice_count":0,"_bbp_anonymous_reply_count":0,"_bbp_topic_count_hidden":0,"_bbp_reply_count_hidden":0,"_bbp_forum_subforum_count":0,"footnotes":""},"categories":[1],"tags":[],"class_list":["post-936","post","type-post","status-publish","format-standard","has-post-thumbnail","hentry","category-general"],"post_mailing_queue_ids":[],"_links":{"self":[{"href":"https:\/\/agora.xtec.cat\/ceiprosercapdevila\/wp-json\/wp\/v2\/posts\/936","targetHints":{"allow":["GET"]}}],"collection":[{"href":"https:\/\/agora.xtec.cat\/ceiprosercapdevila\/wp-json\/wp\/v2\/posts"}],"about":[{"href":"https:\/\/agora.xtec.cat\/ceiprosercapdevila\/wp-json\/wp\/v2\/types\/post"}],"author":[{"embeddable":true,"href":"https:\/\/agora.xtec.cat\/ceiprosercapdevila\/wp-json\/wp\/v2\/users\/15"}],"replies":[{"embeddable":true,"href":"https:\/\/agora.xtec.cat\/ceiprosercapdevila\/wp-json\/wp\/v2\/comments?post=936"}],"version-history":[{"count":0,"href":"https:\/\/agora.xtec.cat\/ceiprosercapdevila\/wp-json\/wp\/v2\/posts\/936\/revisions"}],"wp:featuredmedia":[{"embeddable":true,"href":"https:\/\/agora.xtec.cat\/ceiprosercapdevila\/wp-json\/wp\/v2\/media\/749"}],"wp:attachment":[{"href":"https:\/\/agora.xtec.cat\/ceiprosercapdevila\/wp-json\/wp\/v2\/media?parent=936"}],"wp:term":[{"taxonomy":"category","embeddable":true,"href":"https:\/\/agora.xtec.cat\/ceiprosercapdevila\/wp-json\/wp\/v2\/categories?post=936"},{"taxonomy":"post_tag","embeddable":true,"href":"https:\/\/agora.xtec.cat\/ceiprosercapdevila\/wp-json\/wp\/v2\/tags?post=936"}],"curies":[{"name":"wp","href":"https:\/\/api.w.org\/{rel}","templated":true}]}}