{"id":931,"date":"2017-02-16T10:12:52","date_gmt":"2017-02-16T09:12:52","guid":{"rendered":"https:\/\/blocs.xtec.cat\/rosercapdevila3\/?p=484"},"modified":"2017-02-16T10:12:52","modified_gmt":"2017-02-16T09:12:52","slug":"la-saleta-descacs-ja-esta-en-marxa","status":"publish","type":"post","link":"https:\/\/agora.xtec.cat\/ceiprosercapdevila\/cicle-superior\/la-saleta-descacs-ja-esta-en-marxa\/","title":{"rendered":"La saleta d&#8217;escacs ja est\u00e0 en marxa!"},"content":{"rendered":"<p>Des de dilluns 13 de febrer els alumnes ja poden gaudir dels escacs a l&#8217;hora del pati. L&#8217;alumnat de 6\u00e8 s\u00f3n els responsables d&#8217;ajudar i ensenyar a qui vulgui gaudir d&#8217;aquest joc d&#8217;estrat\u00e8gia.<\/p>\n<p><img loading=\"lazy\" decoding=\"async\" class=\"aligncenter wp-image-485 \" src=\"http:\/\/agora.xtec.cat\/ceiprosercapdevila\/wp-content\/uploads\/usu1162\/2017\/02\/esca.jpg\" alt=\"esca\" width=\"149\" height=\"121\" \/><\/p>\n","protected":false},"excerpt":{"rendered":"<p>Des de dilluns 13 de febrer els alumnes ja poden gaudir dels escacs a l&#8217;hora del pati. L&#8217;alumnat de 6\u00e8 s\u00f3n els responsables d&#8217;ajudar i ensenyar a qui vulgui gaudir d&#8217;aquest joc d&#8217;estrat\u00e8gia.<\/p>\n","protected":false},"author":9,"featured_media":0,"comment_status":"open","ping_status":"open","sticky":false,"template":"","format":"standard","meta":{"_bbp_topic_count":0,"_bbp_reply_count":0,"_bbp_total_topic_count":0,"_bbp_total_reply_count":0,"_bbp_voice_count":0,"_bbp_anonymous_reply_count":0,"_bbp_topic_count_hidden":0,"_bbp_reply_count_hidden":0,"_bbp_forum_subforum_count":0,"footnotes":""},"categories":[61],"tags":[],"class_list":["post-931","post","type-post","status-publish","format-standard","hentry","category-cicle-superior"],"post_mailing_queue_ids":[],"_links":{"self":[{"href":"https:\/\/agora.xtec.cat\/ceiprosercapdevila\/wp-json\/wp\/v2\/posts\/931","targetHints":{"allow":["GET"]}}],"collection":[{"href":"https:\/\/agora.xtec.cat\/ceiprosercapdevila\/wp-json\/wp\/v2\/posts"}],"about":[{"href":"https:\/\/agora.xtec.cat\/ceiprosercapdevila\/wp-json\/wp\/v2\/types\/post"}],"author":[{"embeddable":true,"href":"https:\/\/agora.xtec.cat\/ceiprosercapdevila\/wp-json\/wp\/v2\/users\/9"}],"replies":[{"embeddable":true,"href":"https:\/\/agora.xtec.cat\/ceiprosercapdevila\/wp-json\/wp\/v2\/comments?post=931"}],"version-history":[{"count":0,"href":"https:\/\/agora.xtec.cat\/ceiprosercapdevila\/wp-json\/wp\/v2\/posts\/931\/revisions"}],"wp:attachment":[{"href":"https:\/\/agora.xtec.cat\/ceiprosercapdevila\/wp-json\/wp\/v2\/media?parent=931"}],"wp:term":[{"taxonomy":"category","embeddable":true,"href":"https:\/\/agora.xtec.cat\/ceiprosercapdevila\/wp-json\/wp\/v2\/categories?post=931"},{"taxonomy":"post_tag","embeddable":true,"href":"https:\/\/agora.xtec.cat\/ceiprosercapdevila\/wp-json\/wp\/v2\/tags?post=931"}],"curies":[{"name":"wp","href":"https:\/\/api.w.org\/{rel}","templated":true}]}}