{"id":930,"date":"2017-02-16T14:00:54","date_gmt":"2017-02-16T13:00:54","guid":{"rendered":"https:\/\/blocs.xtec.cat\/rosercapdevila3\/?p=473"},"modified":"2017-02-16T14:00:54","modified_gmt":"2017-02-16T13:00:54","slug":"sortida-museu-de-terrassa","status":"publish","type":"post","link":"https:\/\/agora.xtec.cat\/ceiprosercapdevila\/cicle-mitja\/sortida-museu-de-terrassa\/","title":{"rendered":"Sortida Museu de Terrassa"},"content":{"rendered":"<p>El dijous 7 de febrer, els grups de 3r vam anar a visitar el Museu de la Ci\u00e8ncia de Terrassa. Va ser molt interessant perqu\u00e8 ens van explicar com s&#8217;aplicava el m\u00e8tode cient\u00edfic per fer diverses investigacions.<\/p>\n<p>Despr\u00e9s ens van ensenyar el museu t\u00e8xtil i va ser molt divertit perqu\u00e8, fins i tot, ens vam disfressar com els treballadors\/es de la f\u00e0brica d&#8217;aquella \u00e8poca.<\/p>\n<p style=\"text-align: center;\">\u00a0\u00a0\u00a0\u00a0\u00a0\u00a0\u00a0\u00a0\u00a0\u00a0\u00a0\u00a0 <a href=\"https:\/\/goo.gl\/photos\/fRBqPX47vLBJ6ww37\" rel=\"https:\/\/goo.gl\/photos\/fRBqPX47vLBJ6ww37\"><img loading=\"lazy\" decoding=\"async\" class=\"rg_ic rg_i aligncenter\" src=\"https:\/\/encrypted-tbn2.gstatic.com\/images?q=tbn:ANd9GcRCpF_2w5I9dR5Je7EA4sbht7q6hxplxNQvDlZgpIYNL1DvRiaN4g\" alt=\"https:\/\/goo.gl\/photos\/fRBqPX47vLBJ6ww37\" width=\"225\" height=\"225\" name=\"tChePa4Bhz3CKM:\" data-src=\"https:\/\/encrypted-tbn2.gstatic.com\/images?q=tbn:ANd9GcRCpF_2w5I9dR5Je7EA4sbht7q6hxplxNQvDlZgpIYNL1DvRiaN4g\" data-sz=\"f\" \/><\/a><\/p>\n","protected":false},"excerpt":{"rendered":"<p>El dijous 7 de febrer, els grups de 3r vam anar a visitar el Museu de la Ci\u00e8ncia de Terrassa. Va ser molt interessant perqu\u00e8 ens van explicar com s&#8217;aplicava el m\u00e8tode cient\u00edfic per fer diverses investigacions.<br \/>\nDespr\u00e9s ens van ensenyar el museu t\u00e8xtil i va&hellip;  <a href=\"https:\/\/agora.xtec.cat\/ceiprosercapdevila\/cicle-mitja\/sortida-museu-de-terrassa\/\" title=\"Read Sortida Museu de Terrassa\">Llegeix m\u00e9s\u00bb<\/a><\/p>\n","protected":false},"author":4,"featured_media":0,"comment_status":"open","ping_status":"open","sticky":false,"template":"","format":"standard","meta":{"_bbp_topic_count":0,"_bbp_reply_count":0,"_bbp_total_topic_count":0,"_bbp_total_reply_count":0,"_bbp_voice_count":0,"_bbp_anonymous_reply_count":0,"_bbp_topic_count_hidden":0,"_bbp_reply_count_hidden":0,"_bbp_forum_subforum_count":0,"footnotes":""},"categories":[60],"tags":[],"class_list":["post-930","post","type-post","status-publish","format-standard","hentry","category-cicle-mitja"],"post_mailing_queue_ids":[],"_links":{"self":[{"href":"https:\/\/agora.xtec.cat\/ceiprosercapdevila\/wp-json\/wp\/v2\/posts\/930","targetHints":{"allow":["GET"]}}],"collection":[{"href":"https:\/\/agora.xtec.cat\/ceiprosercapdevila\/wp-json\/wp\/v2\/posts"}],"about":[{"href":"https:\/\/agora.xtec.cat\/ceiprosercapdevila\/wp-json\/wp\/v2\/types\/post"}],"author":[{"embeddable":true,"href":"https:\/\/agora.xtec.cat\/ceiprosercapdevila\/wp-json\/wp\/v2\/users\/4"}],"replies":[{"embeddable":true,"href":"https:\/\/agora.xtec.cat\/ceiprosercapdevila\/wp-json\/wp\/v2\/comments?post=930"}],"version-history":[{"count":0,"href":"https:\/\/agora.xtec.cat\/ceiprosercapdevila\/wp-json\/wp\/v2\/posts\/930\/revisions"}],"wp:attachment":[{"href":"https:\/\/agora.xtec.cat\/ceiprosercapdevila\/wp-json\/wp\/v2\/media?parent=930"}],"wp:term":[{"taxonomy":"category","embeddable":true,"href":"https:\/\/agora.xtec.cat\/ceiprosercapdevila\/wp-json\/wp\/v2\/categories?post=930"},{"taxonomy":"post_tag","embeddable":true,"href":"https:\/\/agora.xtec.cat\/ceiprosercapdevila\/wp-json\/wp\/v2\/tags?post=930"}],"curies":[{"name":"wp","href":"https:\/\/api.w.org\/{rel}","templated":true}]}}