{"id":929,"date":"2017-01-19T12:46:18","date_gmt":"2017-01-19T11:46:18","guid":{"rendered":"https:\/\/blocs.xtec.cat\/rosercapdevila3\/?p=441"},"modified":"2017-01-19T12:46:18","modified_gmt":"2017-01-19T11:46:18","slug":"fem-un-pastis-de-xocolata-a-2n-a","status":"publish","type":"post","link":"https:\/\/agora.xtec.cat\/ceiprosercapdevila\/cicle-inicial\/fem-un-pastis-de-xocolata-a-2n-a\/","title":{"rendered":"FEM UN PAST\u00cdS DE XOCOLATA a 2n A"},"content":{"rendered":"<p>Els nens i nenes de 2n A, hem fet un past\u00eds de xocolata amb galetes, mantega i xocolata.<br \/>\nEns ho hem passat d&#8217;all\u00f2 m\u00e9s b\u00e9 fent-ho i despr\u00e9s menjant-ho.Estava molt bo!!<br \/>\nAra estem animats per fer-lo a casa amb vosaltres!!<\/p>\n<p><a href=\"https:\/\/goo.gl\/photos\/7JHRGAadGTB1tYqF6\"><img loading=\"lazy\" decoding=\"async\" class=\"attachment-post-thumbnail alignnone\" src=\"http:\/\/agora.xtec.cat\/ceiprosercapdevila\/wp-content\/uploads\/usu1162\/2017\/01\/DSCN1465.jpg\" alt=\"dscn1465\" width=\"397\" height=\"298\" \/><\/a><\/p>\n<p>&nbsp;<\/p>\n","protected":false},"excerpt":{"rendered":"<p>Els nens i nenes de 2n A, hem fet un past\u00eds de xocolata amb galetes, mantega i xocolata.<br \/>\nEns ho hem passat d&#8217;all\u00f2 m\u00e9s b\u00e9 fent-ho i despr\u00e9s menjant-ho.Estava molt bo!!<br \/>\nAra estem animats per fer-lo a casa amb vosaltres!!<br \/>\n<a href=\"https:\/\/goo.gl\/photos\/7JHRGAadGTB1tYqF6\"><\/a><br \/>\n&nbsp;<\/p>\n","protected":false},"author":17,"featured_media":0,"comment_status":"open","ping_status":"open","sticky":false,"template":"","format":"standard","meta":{"_bbp_topic_count":0,"_bbp_reply_count":0,"_bbp_total_topic_count":0,"_bbp_total_reply_count":0,"_bbp_voice_count":0,"_bbp_anonymous_reply_count":0,"_bbp_topic_count_hidden":0,"_bbp_reply_count_hidden":0,"_bbp_forum_subforum_count":0,"footnotes":""},"categories":[59],"tags":[],"class_list":["post-929","post","type-post","status-publish","format-standard","hentry","category-cicle-inicial"],"post_mailing_queue_ids":[],"_links":{"self":[{"href":"https:\/\/agora.xtec.cat\/ceiprosercapdevila\/wp-json\/wp\/v2\/posts\/929","targetHints":{"allow":["GET"]}}],"collection":[{"href":"https:\/\/agora.xtec.cat\/ceiprosercapdevila\/wp-json\/wp\/v2\/posts"}],"about":[{"href":"https:\/\/agora.xtec.cat\/ceiprosercapdevila\/wp-json\/wp\/v2\/types\/post"}],"author":[{"embeddable":true,"href":"https:\/\/agora.xtec.cat\/ceiprosercapdevila\/wp-json\/wp\/v2\/users\/17"}],"replies":[{"embeddable":true,"href":"https:\/\/agora.xtec.cat\/ceiprosercapdevila\/wp-json\/wp\/v2\/comments?post=929"}],"version-history":[{"count":0,"href":"https:\/\/agora.xtec.cat\/ceiprosercapdevila\/wp-json\/wp\/v2\/posts\/929\/revisions"}],"wp:attachment":[{"href":"https:\/\/agora.xtec.cat\/ceiprosercapdevila\/wp-json\/wp\/v2\/media?parent=929"}],"wp:term":[{"taxonomy":"category","embeddable":true,"href":"https:\/\/agora.xtec.cat\/ceiprosercapdevila\/wp-json\/wp\/v2\/categories?post=929"},{"taxonomy":"post_tag","embeddable":true,"href":"https:\/\/agora.xtec.cat\/ceiprosercapdevila\/wp-json\/wp\/v2\/tags?post=929"}],"curies":[{"name":"wp","href":"https:\/\/api.w.org\/{rel}","templated":true}]}}