{"id":923,"date":"2016-12-22T12:55:16","date_gmt":"2016-12-22T11:55:16","guid":{"rendered":"https:\/\/blocs.xtec.cat\/rosercapdevila3\/?p=418"},"modified":"2016-12-22T12:55:16","modified_gmt":"2016-12-22T11:55:16","slug":"els-japonesos-de-4ta-visiten-els-egipcis-de-p5a","status":"publish","type":"post","link":"https:\/\/agora.xtec.cat\/ceiprosercapdevila\/general\/els-japonesos-de-4ta-visiten-els-egipcis-de-p5a\/","title":{"rendered":"Els japonesos de 4tA visiten els egipcis de P5A"},"content":{"rendered":"<p>Dimecres\u00a0 dia\u00a0 23 de novembre a la tarda 4tA va anar a P5 a fer una exposici\u00f3 senzilla del Jap\u00f3 .<\/p>\n<p>Van explicar algunes coses del Jap\u00f3 per exemple : la vestimenta, els iens, les cases i el menjar.<\/p>\n<p>Maria Jimenez i\u00a0Aina Orengo<\/p>\n<p>&nbsp;<\/p>\n<p>El dia 23 de novembre els nens i nenes de 4tA van anar a la classe de P5 per explicar el projecte de Jap\u00f3, perqu\u00e8 ells ens ho van demanar i ens feia il\u00b7lusi\u00f3. Els vam explicar tot el que hav\u00edem apr\u00e8s, com per exemple el vestuari de la gent i el de las gueixes. Per ensenyar-lo, l\u00b4Abril, que va anar al Jap\u00f3 de vacances, \u00a0va portar sabates i decoraci\u00f3 pel cabell de gueixa i se la va posar. Tamb\u00e9 vam explicar la vivenda , el menjar i vam fer un petit sorteig de palillos i\u00a0 una targeta del Doraemon.<\/p>\n<p>Patricia i Pau<\/p>\n<p>&nbsp;<\/p>\n<p>Era una tarda de dimecres, hav\u00edem d\u2019anar a fer una exposici\u00f3 sobre el Jap\u00f3 als nens i nenes de P5A. Baix\u00e0vem tota la classe a baix on estava la classe de P5A. Hi havia molts nens i nenes que escoltaven les nostres explicacions, ja que ells en realitat volien ser la classe dels japonesos i japoneses. Vam explicar com es podia anar, com es vestien, que es menjava, els seus dibuixos animats i tamb\u00e9 vam regalar unes medalles amb el Doraemon i la bandera japonesa on sign\u00e0vem i se les don\u00e0vem . Vam sortejar palillos\u00a0 pels nens petits. Els dies anteriors vam fer un PowerPoint \u00ae amb imatges i una mica de text per explicar-ho encara millor.<\/p>\n<p>Al Jap\u00f3 es fan els c\u00f2mics Manga i els Anime que segur que els coneixeu, perqu\u00e8 s\u00f3n molt famosos en tot el mon.<\/p>\n<p>Yeray Martinez<\/p>\n<h2><\/h2>\n","protected":false},"excerpt":{"rendered":"<p>Dimecres\u00a0 dia\u00a0 23 de novembre a la tarda 4tA va anar a P5 a fer una exposici\u00f3 senzilla del Jap\u00f3 .<br \/>\nVan explicar algunes coses del Jap\u00f3 per exemple : la vestimenta, els iens, les cases i el menjar.<br \/>\nMaria Jimenez i\u00a0Aina Orengo<br \/>\n&nbsp;<br \/>\nEl dia 23 de novembre&hellip;  <a href=\"https:\/\/agora.xtec.cat\/ceiprosercapdevila\/general\/els-japonesos-de-4ta-visiten-els-egipcis-de-p5a\/\" title=\"Read Els japonesos de 4tA visiten els egipcis de P5A\">Llegeix m\u00e9s\u00bb<\/a><\/p>\n","protected":false},"author":19,"featured_media":0,"comment_status":"open","ping_status":"open","sticky":false,"template":"","format":"standard","meta":{"_bbp_topic_count":0,"_bbp_reply_count":0,"_bbp_total_topic_count":0,"_bbp_total_reply_count":0,"_bbp_voice_count":0,"_bbp_anonymous_reply_count":0,"_bbp_topic_count_hidden":0,"_bbp_reply_count_hidden":0,"_bbp_forum_subforum_count":0,"footnotes":""},"categories":[1],"tags":[],"class_list":["post-923","post","type-post","status-publish","format-standard","hentry","category-general"],"post_mailing_queue_ids":[],"_links":{"self":[{"href":"https:\/\/agora.xtec.cat\/ceiprosercapdevila\/wp-json\/wp\/v2\/posts\/923","targetHints":{"allow":["GET"]}}],"collection":[{"href":"https:\/\/agora.xtec.cat\/ceiprosercapdevila\/wp-json\/wp\/v2\/posts"}],"about":[{"href":"https:\/\/agora.xtec.cat\/ceiprosercapdevila\/wp-json\/wp\/v2\/types\/post"}],"author":[{"embeddable":true,"href":"https:\/\/agora.xtec.cat\/ceiprosercapdevila\/wp-json\/wp\/v2\/users\/19"}],"replies":[{"embeddable":true,"href":"https:\/\/agora.xtec.cat\/ceiprosercapdevila\/wp-json\/wp\/v2\/comments?post=923"}],"version-history":[{"count":0,"href":"https:\/\/agora.xtec.cat\/ceiprosercapdevila\/wp-json\/wp\/v2\/posts\/923\/revisions"}],"wp:attachment":[{"href":"https:\/\/agora.xtec.cat\/ceiprosercapdevila\/wp-json\/wp\/v2\/media?parent=923"}],"wp:term":[{"taxonomy":"category","embeddable":true,"href":"https:\/\/agora.xtec.cat\/ceiprosercapdevila\/wp-json\/wp\/v2\/categories?post=923"},{"taxonomy":"post_tag","embeddable":true,"href":"https:\/\/agora.xtec.cat\/ceiprosercapdevila\/wp-json\/wp\/v2\/tags?post=923"}],"curies":[{"name":"wp","href":"https:\/\/api.w.org\/{rel}","templated":true}]}}