{"id":921,"date":"2016-12-22T11:37:03","date_gmt":"2016-12-22T10:37:03","guid":{"rendered":"https:\/\/blocs.xtec.cat\/rosercapdevila3\/?p=400"},"modified":"2016-12-22T11:37:03","modified_gmt":"2016-12-22T10:37:03","slug":"magia-cicle-mitja-i-superior","status":"publish","type":"post","link":"https:\/\/agora.xtec.cat\/ceiprosercapdevila\/cicle-mitja\/magia-cicle-mitja-i-superior\/","title":{"rendered":"M\u00e0gia cicle mitj\u00e0 i superior"},"content":{"rendered":"<p>Avui dijous 22 de desembre hem anat al centre c\u00edvic els nens i nenes de 3r, 4t, 5\u00e8 i 6\u00e8 a veure un espectacle de m\u00e0gia, a c\u00e0rrec del mag <a href=\"http:\/\/www.magicsergio.com\/language.php\">M\u00e0gic Sergio. <\/a><\/p>\n<p>Ens ha agradat molt\u00edssim i hem rigut for\u00e7a.<\/p>\n<p>Gr\u00e0cies a l&#8217;aportaci\u00f3 de l&#8217;AMPA.<\/p>\n<p>Aqu\u00ed podeu veure les fotos:<\/p>\n<p><a href=\"https:\/\/photos.google.com\/share\/AF1QipOK5LrUBI-unxu5sgz4e1qwPPajePudfuCYNh7RycbIxRF3S_T2Q6_58wRQqNm_2Q?key=WTl2TXpsY01MS19Vc1BfUWhIQjBObHJ2TF96ajRB\" target=\"_blank\"><img loading=\"lazy\" decoding=\"async\" class=\"alignnone\" src=\"https:\/\/lh3.googleusercontent.com\/IKm0yU5lMo_ygQAybTScbReU9JP8lQH3iiJFXlC0OPfvgF7OM4fe3WciaJhLuj4Sq_nL0EvXsY6aW1HvgeMWD-O4UzCMD_HDtZzaGHzxR9wMXKiShDODV15mQM4tHTDYeKCblKEuccwv5v27Y6R0ieZEeYqo9M-Tdo4fZ-g4oqGZpC_grM15M-L_CG7GR0Hszcjn3yPeF9IkmugtPcVavaTHOzqGb6NIOyjw9OME9sy3ichOxy9UeV-f6sBUpNm3MZAG9rpt5yvcnXQBH9jnYQrISWC0v3AfavvQRknNcKLabtFx0Gok1BBhFWGJ4QnN8TQAE0svkbsv12AlWrucNia0S6fEIDlP8ZVkgxQlQop3MmQe983Jau1_C_x41ryGKs4W1FN6Q2qoZK6xUvTgCKav8Mb5CB6xJiAlzjQv23BwM3lToYbmiWy6lyl31-oZbdk3kv5Fmsg901pVogHQJ-ntRb2S-rx12PGWZ9EnUC92JzKrKoB5PpK-qdceXnd_eViTdJ98pMvFS4mjj6fq_Rl4xW8pCKYkndyPdz8nkOutXi0W-nxnk39yry-ym0vC1g98abbTcae7jE36FLriX427hu5P3ax015t1-QPR5qbkBufYYFrnUU35rpdU3ihxOUUddKwH7phDSeDfy5eyF3Wz2Btbgk7Q4NSK0gRqt6A=w953-h638-no\" width=\"953\" height=\"638\" \/><\/a><\/p>\n","protected":false},"excerpt":{"rendered":"<p>Avui dijous 22 de desembre hem anat al centre c\u00edvic els nens i nenes de 3r, 4t, 5\u00e8 i 6\u00e8 a veure un espectacle de m\u00e0gia, a c\u00e0rrec del mag <a href=\"http:\/\/www.magicsergio.com\/language.php\">M\u00e0gic Sergio. <\/a><br \/>\nEns ha agradat molt\u00edssim i hem rigut for\u00e7a.<br \/>\nGr\u00e0cies a l&#8217;aportaci\u00f3 de l&#8217;AMPA.<br \/>\nAqu\u00ed&hellip;  <a href=\"https:\/\/agora.xtec.cat\/ceiprosercapdevila\/cicle-mitja\/magia-cicle-mitja-i-superior\/\" title=\"Read M\u00e0gia cicle mitj\u00e0 i superior\">Llegeix m\u00e9s\u00bb<\/a><\/p>\n","protected":false},"author":1,"featured_media":0,"comment_status":"open","ping_status":"open","sticky":false,"template":"","format":"standard","meta":{"_bbp_topic_count":0,"_bbp_reply_count":0,"_bbp_total_topic_count":0,"_bbp_total_reply_count":0,"_bbp_voice_count":0,"_bbp_anonymous_reply_count":0,"_bbp_topic_count_hidden":0,"_bbp_reply_count_hidden":0,"_bbp_forum_subforum_count":0,"footnotes":""},"categories":[60,61],"tags":[],"class_list":["post-921","post","type-post","status-publish","format-standard","hentry","category-cicle-mitja","category-cicle-superior"],"post_mailing_queue_ids":[],"_links":{"self":[{"href":"https:\/\/agora.xtec.cat\/ceiprosercapdevila\/wp-json\/wp\/v2\/posts\/921","targetHints":{"allow":["GET"]}}],"collection":[{"href":"https:\/\/agora.xtec.cat\/ceiprosercapdevila\/wp-json\/wp\/v2\/posts"}],"about":[{"href":"https:\/\/agora.xtec.cat\/ceiprosercapdevila\/wp-json\/wp\/v2\/types\/post"}],"author":[{"embeddable":true,"href":"https:\/\/agora.xtec.cat\/ceiprosercapdevila\/wp-json\/wp\/v2\/users\/1"}],"replies":[{"embeddable":true,"href":"https:\/\/agora.xtec.cat\/ceiprosercapdevila\/wp-json\/wp\/v2\/comments?post=921"}],"version-history":[{"count":0,"href":"https:\/\/agora.xtec.cat\/ceiprosercapdevila\/wp-json\/wp\/v2\/posts\/921\/revisions"}],"wp:attachment":[{"href":"https:\/\/agora.xtec.cat\/ceiprosercapdevila\/wp-json\/wp\/v2\/media?parent=921"}],"wp:term":[{"taxonomy":"category","embeddable":true,"href":"https:\/\/agora.xtec.cat\/ceiprosercapdevila\/wp-json\/wp\/v2\/categories?post=921"},{"taxonomy":"post_tag","embeddable":true,"href":"https:\/\/agora.xtec.cat\/ceiprosercapdevila\/wp-json\/wp\/v2\/tags?post=921"}],"curies":[{"name":"wp","href":"https:\/\/api.w.org\/{rel}","templated":true}]}}