{"id":920,"date":"2016-12-15T15:36:14","date_gmt":"2016-12-15T14:36:14","guid":{"rendered":"https:\/\/blocs.xtec.cat\/rosercapdevila3\/?p=362"},"modified":"2016-12-15T15:36:14","modified_gmt":"2016-12-15T14:36:14","slug":"viatgem-al-fons-de-la-terra-6e","status":"publish","type":"post","link":"https:\/\/agora.xtec.cat\/ceiprosercapdevila\/cicle-superior\/viatgem-al-fons-de-la-terra-6e\/","title":{"rendered":"VIATGEM AL FONS DE LA TERRA 6\u00e8"},"content":{"rendered":"<p style=\"text-align: left;\">L&#8217;alumnat de 6\u00e8 hem fet un projecte\u00a0sobre volcans, tsunamis i terratr\u00e8mols. Es titula <strong>&#8220;Viatgem al fons de la Terra&#8221;<\/strong>. Vam comen\u00e7ar fent uns mapes per saber on estaven les muntanyes m\u00e9s importants. En acabar vam buscar informaci\u00f3 sobre la nostra tasca. Finalment vam fer una part pr\u00e0ctica: alguns maquetes i altres experiments. Tot ho vam presentar davant la nostra classe.<br \/>\nEns ha agradat molt aquest projecte perqu\u00e8 ha estat un tema molt interessant.<\/p>\n<p style=\"text-align: center;\"><img loading=\"lazy\" decoding=\"async\" class=\"size-full wp-image-363 aligncenter\" src=\"http:\/\/agora.xtec.cat\/ceiprosercapdevila\/wp-content\/uploads\/usu1162\/2016\/12\/MODIFICADA.jpg\" alt=\"modificada\" width=\"242\" height=\"182\" srcset=\"https:\/\/agora.xtec.cat\/ceiprosercapdevila\/wp-content\/uploads\/usu1162\/2016\/12\/MODIFICADA.jpg 242w, https:\/\/agora.xtec.cat\/ceiprosercapdevila\/wp-content\/uploads\/usu1162\/2016\/12\/MODIFICADA-200x150.jpg 200w\" sizes=\"auto, (max-width: 242px) 100vw, 242px\" \/><\/p>\n","protected":false},"excerpt":{"rendered":"<p>L&#8217;alumnat de 6\u00e8 hem fet un projecte\u00a0sobre volcans, tsunamis i terratr\u00e8mols. Es titula &#8220;Viatgem al fons de la Terra&#8221;. Vam comen\u00e7ar fent uns mapes per saber on estaven les muntanyes m\u00e9s importants. En acabar vam buscar informaci\u00f3 sobre la nostra tasca. Finalment vam fer una&hellip;  <a href=\"https:\/\/agora.xtec.cat\/ceiprosercapdevila\/cicle-superior\/viatgem-al-fons-de-la-terra-6e\/\" title=\"Read VIATGEM AL FONS DE LA TERRA 6\u00e8\">Llegeix m\u00e9s\u00bb<\/a><\/p>\n","protected":false},"author":9,"featured_media":0,"comment_status":"open","ping_status":"open","sticky":false,"template":"","format":"standard","meta":{"_bbp_topic_count":0,"_bbp_reply_count":0,"_bbp_total_topic_count":0,"_bbp_total_reply_count":0,"_bbp_voice_count":0,"_bbp_anonymous_reply_count":0,"_bbp_topic_count_hidden":0,"_bbp_reply_count_hidden":0,"_bbp_forum_subforum_count":0,"footnotes":""},"categories":[61],"tags":[],"class_list":["post-920","post","type-post","status-publish","format-standard","hentry","category-cicle-superior"],"post_mailing_queue_ids":[],"_links":{"self":[{"href":"https:\/\/agora.xtec.cat\/ceiprosercapdevila\/wp-json\/wp\/v2\/posts\/920","targetHints":{"allow":["GET"]}}],"collection":[{"href":"https:\/\/agora.xtec.cat\/ceiprosercapdevila\/wp-json\/wp\/v2\/posts"}],"about":[{"href":"https:\/\/agora.xtec.cat\/ceiprosercapdevila\/wp-json\/wp\/v2\/types\/post"}],"author":[{"embeddable":true,"href":"https:\/\/agora.xtec.cat\/ceiprosercapdevila\/wp-json\/wp\/v2\/users\/9"}],"replies":[{"embeddable":true,"href":"https:\/\/agora.xtec.cat\/ceiprosercapdevila\/wp-json\/wp\/v2\/comments?post=920"}],"version-history":[{"count":0,"href":"https:\/\/agora.xtec.cat\/ceiprosercapdevila\/wp-json\/wp\/v2\/posts\/920\/revisions"}],"wp:attachment":[{"href":"https:\/\/agora.xtec.cat\/ceiprosercapdevila\/wp-json\/wp\/v2\/media?parent=920"}],"wp:term":[{"taxonomy":"category","embeddable":true,"href":"https:\/\/agora.xtec.cat\/ceiprosercapdevila\/wp-json\/wp\/v2\/categories?post=920"},{"taxonomy":"post_tag","embeddable":true,"href":"https:\/\/agora.xtec.cat\/ceiprosercapdevila\/wp-json\/wp\/v2\/tags?post=920"}],"curies":[{"name":"wp","href":"https:\/\/api.w.org\/{rel}","templated":true}]}}